{"id":3386,"date":"2024-11-06T09:02:17","date_gmt":"2024-11-06T09:02:17","guid":{"rendered":"https:\/\/kajza.si\/?p=3386"},"modified":"2024-11-06T15:51:41","modified_gmt":"2024-11-06T15:51:41","slug":"kar-so-nasi-ocetje-dobro-naredili-avtorska-prenova-v-sodobni-slovenski-arhitekturi","status":"publish","type":"post","link":"https:\/\/kajza.si\/index.php\/2024\/11\/06\/kar-so-nasi-ocetje-dobro-naredili-avtorska-prenova-v-sodobni-slovenski-arhitekturi\/","title":{"rendered":"\u201c&#8230; kar so na\u0161i o\u010detje dobro naredili\u201d: avtorska prenova v sodobni slovenski arhitekturi"},"content":{"rendered":"\n<div class=\"wp-block-advgb-columns advgb-columns-wrapper\" id=\"advgb-cols-291ea1f7-955a-45b7-85c0-bf0682d67a03\"><div class=\"advgb-columns-container\"><div class=\"advgb-columns advgb-columns-row advgb-is-mobile advgb-columns-2 layout-45-15 mbl-layout-stacked vgutter-10\">\n<div class=\"wp-block-advgb-column advgb-column\" id=\"advgb-col-bc791856-5f25-4c11-aa1c-53def964ef1d\"><div class=\"advgb-column-inner\" style=\"border-style:none;border-width:1px\">\n<h2 class=\"wp-block-heading has-text-align-center\">\u201c&#8230; kar so na\u0161i o\u010detje dobro naredili\u201d: avtorska prenova v sodobni slovenski arhitekturi<\/h2>\n\n\n\n<p><strong>V ciklu esejev \u2018Vedno znova prenova\u2019 obravnavamo pretekle poglede na dedi\u0161\u010dino skozi raziskavo prakse kanoniziranih slovenskih arhitektov ter zgodovinskega konteksta njihovega ustvarjanja. O sodobni avtorski prenovi pi\u0161e arhitekt Milo\u0161 Kosec.<\/strong><\/p>\n\n\n\n<hr class=\"wp-block-separator has-alpha-channel-opacity\"\/>\n\n\n\n<p>Slovenska arhitektura je od konca devetdesetih let naprej za\u010dela dosegati novo obdobje mednarodne vidnosti, ki neprekinjeno traja vse do danes. Vzporedno s t.i. Sixpack generacijo, ki je novo slovensko arhitekturo utemeljevala predvsem s suverenimi projekti novogradenj stanovanjskih in dru\u017ebenih stavb, se je kot pomemben in mednarodno prepoznaven prispevek slovenskih arhitektov za\u010dela izrisovati tudi avtorska prenova. Namen kratkega prispevka je o\u010drtati genealogijo sodobne avtorske prenove v slovenski arhitekturi kot dedinje specifi\u010dnega pristopa ljubljanske \u0161ole za arhitekturo do tradicije in konteksta. Za primera sem si izbral deli dveh avtorskih skupin arhitektov, zbranih okrog arhitektke Maru\u0161e Zorec in arhitekta Roka \u017dnidar\u0161i\u010da.<\/p>\n\n\n\n<p>&#8220;<em>\u0160e nikdar nisem podiral, kar so na\u0161i o\u010detje dobro naredili<\/em>.&#8221; Znani izrek Jo\u017eeta Ple\u010dnika naj bi nastal na gradbi\u0161\u010du cerkve v Bogojini, ki ni bila samo prvo ve\u010dje naro\u010dilo v domovini po arhitektovi vrnitvi in s tem nekak\u0161en manifest nove slovenske arhitekture po letu 1918, ampak obenem tudi zgrajena manifestacija Ple\u010dnikovega odnosa do tradicije. Ple\u010dnik je z inkorporacijo stare srednjeve\u0161ke cerkvice v novo, mnogo ve\u010djo stavbo, dosegel nenavadno napetost med starim in novim, ki je nato zanj in za njegovo arhitekturno \u0161olo postala konstitutivna zna\u010dilnost &nbsp;pristopa do prenove.<\/p>\n\n\n\n<p>\u010ce pustimo ob strani paternalizem \u00bbo\u010detov\u00ab, ki veje iz izjave in je dovolj pogosta zna\u010dilnost ne samo Ple\u010dnika, ampak tudi dobe, v kateri je \u017eivel, izjava nakazuje tendenco prevrednotenja stavbne dedi\u0161\u010dine ne le v lu\u010di umetnostnozgodovinskih zna\u010dilnosti, ampak tudi duhovne dedi\u0161\u010dine prednikov, njihovega dela in, kot bi temu morda rekli danes, osebne investicije v zidove in prostore. Dejstvo, da so staro srednjeve\u0161ko cerkvico, sicer umetnostno razmeroma manj pomemben objekt, financirali in zgradili davni predniki va\u0161\u010danov Bogojine, pa tudi enako pomembno dejstvo, da so v malem prostoru takrat \u0161e \u017eive\u010di va\u0161\u010dani do\u017eivljali ma\u0161e, krste, poroke in pogrebe, je stavbi v Ple\u010dnikovih o\u010deh dalo vsaj tako pomemben duhovni pomen kot bi ga sodba umetnostnega zgodovinarja o pomenu stavbe v trajektoriji slogovnega ali umetnostnega razvoja. Ple\u010dnik od Bogojine naprej pri prenovi ne zasleduje filolo\u0161ke natan\u010dnosti umetnostnozgodovinskih slogov ali jasne lo\u010dnice med starim in novim, ampak ustvarja mnogo manj transparenten avtorski preplet starega in novega, v katerem je dovoljeno z novimi arhitekturnimi intervencijami \u00bbpovzdigniti\u00ab in celo \u00bbposvetiti\u00ab ostanke preteklih dob, ki imajo posebno duhovno vrednost, katere arbiter je brez izjeme arhitekt, torej Ple\u010dnik sam. Vpra\u0161anje \u00bbizvornega stanja\u00ab spomenika zato v Ple\u010dnikovem opusu sploh ni relevantno. S prenovami Rimskega zidu, \u0160anc in cerkve sv. Jerneja v Ljubljani, \u010de omenim samo tri znane primere, je Ple\u010dnik demonstriral svoj pristop, pri katerem je &nbsp;treba gabarite, obliko in fantazijske intervencije v obstoje\u010do stavbno substanco prilagoditi ne predvsem arheolo\u0161kim ali zgodovinskim dejstvom, ampak duhovnemu pomenu prostora in njegove zgodovine za prihodnost ljudi, ki tu \u017eivijo. Arhitekt kot poklicani posrednik med duhovno in materialno sfero naj bi imel z avtorsko predelavo in &nbsp;nadgradnjo v\u010dasih prav skromnih materialnih ostankov vrhovno mo\u010d (re)interpretacije dedi\u0161\u010dine. Zato ni tako zelo nelogi\u010dno, kot se nam danes v\u010dasih dozdeva, da je bil Ple\u010dnik pripravljen za izgradnjo slovenskega parlamenta na ljubljanskem grajskem hribu poru\u0161iti celoten srednjeve\u0161ki grad, po drugi strani pa je z ohranitvijo in nadgradnjo umetnostno mnogo manj pomembnih spomenikov ustvarjal izjemne nove avtorske preplete. Ple\u010dnik svojega dela ni razumel samo kot dodajanja ali interpretacije zgodovine, ampak tudi kot podeljevanje dovolj ambiciozne in umetni\u0161ko kakovostne oblike duhovnemu pomenu dedi\u0161\u010dine, kot ga je sam razumel. S Ple\u010dnikovo prenovo se je zgodovina tudi zavestno gradila, ne samo ohranjala, tako da je na videz nizko in nepomembno lahko skozi arhitektovo delo postalo visoko in celo posve\u010deno.<\/p>\n\n\n\n<figure class=\"wp-block-image size-large\"><img decoding=\"async\" loading=\"lazy\" width=\"831\" height=\"1024\" src=\"https:\/\/kajza.si\/wp-content\/uploads\/2024\/11\/bogojina-831x1024.jpg\" alt=\"\" class=\"wp-image-3387\" srcset=\"https:\/\/kajza.si\/wp-content\/uploads\/2024\/11\/bogojina-831x1024.jpg 831w, https:\/\/kajza.si\/wp-content\/uploads\/2024\/11\/bogojina-244x300.jpg 244w, https:\/\/kajza.si\/wp-content\/uploads\/2024\/11\/bogojina-768x946.jpg 768w, https:\/\/kajza.si\/wp-content\/uploads\/2024\/11\/bogojina-1247x1536.jpg 1247w, https:\/\/kajza.si\/wp-content\/uploads\/2024\/11\/bogojina-1663x2048.jpg 1663w, https:\/\/kajza.si\/wp-content\/uploads\/2024\/11\/bogojina.jpg 1788w\" sizes=\"(max-width: 831px) 100vw, 831px\" \/><figcaption class=\"wp-element-caption\"><sub>Tloris cerkve Gospodovega vnebohoda v Bogojini, Ple\u010dnikova zbirka, MGML<\/sub><\/figcaption><\/figure>\n\n\n\n<p>Seveda je tak pristop do prenove \u017ee v dvajsetih letih dvajsetega stoletja pomenil ustvarjanje razkoraka med avtorsko arhitekturno in konservatorsko prenovo (dileme so bile v tistem \u010dasu bolj eksplicitno razgaljene pri Ple\u010dnikovem delu na Pra\u0161kem gradu, kjer je bilo zaradi umetnostnega in zgodovinskega pomena kompleksa, ki ga je predeloval, pa tudi zaradi bolj razvite konservatorske stroke, fronta nasprotnikov Ple\u010dnikovega pristopa bistveno bolje organizirana kot v takratni Sloveniji, kjer je bil najvidnej\u0161i konservator France Stele Ple\u010dnikov osebni prijatelj in neomajni podpornik tudi pri projektih, kot je bila predvidena radikalna prezidava Ljubljanskega gradu, ki so bili nasprotni Steletovim sicer\u0161njim konservatorskim prizadevanjem). Avtorska arhitekturna prenova je tudi v obdobju modernizma ostala pomembna tema slovenskih arhitektov. Predelava osrednjega trakta Ferantovega vrta Edvarda Ravnikarja glede na izkopane anti\u010dne ostanke Emonskega foruma, pa za dana\u0161njo doktrino radikalna prenova cerkve v Rete\u010dah Otona Jugovca sta samo dva primera, ki ka\u017eeta vsaj impliciten vpliv Ple\u010dnikove \u0161ole na svobodno reinterpretacijo dedi\u0161\u010dine tudi pri generacijah slovenskih modernistov.<\/p>\n\n\n\n<p>Zdi se mi, da lahko v devetdesetih letih prej\u0161njega stoletja za\u010dnemo brati sodobni preporod podobnega arhitekturnega pristopa k avtorski prenovi. Sposobnost arhitekta, da lahko iz razmeroma anonimne stavbne substance s svojo avtorsko intervencijo ustvari prepesnjeno celoto, zvesto duhovnemu, \u010de ne izklju\u010dno materialnemu pomenu stavbe, je klju\u010dna lastnost del, ki se jih bom na kratko dotaknil. Prvo nagrajeno samostojno delo Maru\u0161e Zorec je bila Fran\u010di\u0161\u010dkanska kapela v kleti Fran\u010di\u0161kanskega samostana na Pre\u0161ernovem trgu v Ljubljani, kjer je arhitektka leta 1996 iz obokanih prostorov samostana z o\u010di\u0161\u010denjem prezidav, sodobnimi intervencijami kamna in stekla ter vi\u0161insko manipulacijo prostora ustvarila subtilni ambient nove kapele, odprte neposredno v javni prostor. Bistveni del intervencije je bila prezidava zunanjega kletnega zidu kapele, na mestu katerega je nastal zamik \u2013 cezura v temelju med samostanom in \u010dastitljivo Fran\u010di\u0161kansko cerkvijo, ki je obenem tudi zaklon in vabilo obiskovalcu, da lahko iz vrve\u017ea in hruma osrednjega ljubljanskega trga diskretno vstopi v majhen kontemplativen ambient iz svetlobe in kamna. V novi kapeli so stari oboki in stene klju\u010dni, vendar enakovredni gradniki novega ambienta \u2013 dovolj obi\u010dajne plasti stare gradnje brez posebne umetnostnozgodovinske vrednosti \u0161ele z arhitektkino intervencijo postanejo novo sidri\u0161\u010de zgodovinskega in duhovnega spomina, ki se odpira v prihodnost. Pri tem je zunanji nagovor cezure in zamika na trgu, ki tako podeljuje vidnost sicer izrazito introvertiranemu ambientu, manifestativna izjava vloge arhitekturne intervencije v dedi\u0161\u010dino \u2013 ne samo arhitekturno, ampak tudi duhovno dedi\u0161\u010dino mesta v vrve\u017eu novega potro\u0161ni\u0161tva Ljubljane v devetdesetih. Pre\u0161ernov trg z bli\u017enjo \u010copovo se je namre\u010d ravno v tistih letih po\u010dasi lo\u010deval od svoje vloge prometnega kri\u017ei\u0161\u010da in se preobra\u017eal v turisti\u010dno in komercialno sredi\u0161\u010de centra (lu\u010daj stran se je pribli\u017eno ob istem \u010dasu odprl prvi McDonald&#8217;s v mestu). Poznej\u0161a dela Maru\u0161e Zorec in sodelavcev temljijo na avtorskem pristopu do prenove, kjer je branje in vrednotenje obstoje\u010de stavbne substance vedno samo eden izmed enakovrednih delov sestavljanja mozaika nove celote, v kateri arhitektina interpretacija duhovnega izro\u010dila prvotnih graditeljev postaja intrinzi\u010den del nove avtorske celote. Tako kot na primer pri Ple\u010dnikovi Stari cerkvi tudi pri Fran\u010di\u0161kanski kapeli ne gre ve\u010d samo za nujno potrebne intervencije, ki bi osvetlile obstoje\u010de spomeni\u0161ke kvalitete nekega prostora, ampak za avtorsko intervencijo, ki grajeno tkivo prostora povzdigne na raven, primerljivo z arhitektinim razumevanjem duhovnega pomena obravnavanega prostora.<\/p>\n\n\n\n<figure class=\"wp-block-image size-large\"><img decoding=\"async\" loading=\"lazy\" width=\"692\" height=\"1024\" src=\"https:\/\/kajza.si\/wp-content\/uploads\/2024\/11\/00-692x1024.jpg\" alt=\"\" class=\"wp-image-3388\" srcset=\"https:\/\/kajza.si\/wp-content\/uploads\/2024\/11\/00-692x1024.jpg 692w, https:\/\/kajza.si\/wp-content\/uploads\/2024\/11\/00-203x300.jpg 203w, https:\/\/kajza.si\/wp-content\/uploads\/2024\/11\/00-768x1137.jpg 768w, https:\/\/kajza.si\/wp-content\/uploads\/2024\/11\/00-1037x1536.jpg 1037w, https:\/\/kajza.si\/wp-content\/uploads\/2024\/11\/00.jpg 1192w\" sizes=\"(max-width: 692px) 100vw, 692px\" \/><figcaption class=\"wp-element-caption\"><sub>Fran\u010di\u0161kanska kapela, foto: Bogdan Zupan<\/sub><\/figcaption><\/figure>\n\n\n\n<p>Rok \u017dnidar\u0161i\u010d in Jerneja Fischer Knap sta leta 2009 ustvarila majhno prenovo dolenjske zidanice, ki sta jo poimenovala \u00bbHi\u0161a nasprot&#8217; sonca\u00ab in ki jo lahko razumemo kot Fran\u010di\u0161kanski kapeli primerljiv nastopni manifest pristopa do kulturne dedi\u0161\u010dine. V danem primeru sploh ni \u0161lo za zavarovan objekt, ampak za majhen in tipi\u010den primerek ljudskega stavbarstva, namenjen osnovni infrastrukturi za obdelovanje majhnega vinograda. Funkcionalna in arhitekturno zanimiva nadgradnja, ki je vklju\u010devala vzpostavitev minimalnega sanitarnega servisa, v skladu s &nbsp;prvotno za\u010dasno sezonsko rabo prostorsko lo\u010denega od starega objekta, je nakazala dekonstrukcijo prostorske celote objekta, poznej\u0161e zna\u010dilnosti prenov objektov kulturne dedi\u0161\u010dine pisarne Medprostor, ki sta jo nekaj let zatem ustanovila oba arhitekta. V nedavno zaklju\u010deni prenovi ve\u010djega alpskega kme\u010dkega posestva v Matkovem kotu blizu avstrijske meje lahko razbiramo vse klju\u010dne avtorske pozicije iz Hi\u0161e nasprot&#8217; sonca, prene\u0161ene v druga\u010den kontekst in ambiciozneje razvite. Prenove posameznih sestavnih delov doma\u010dije v skladu z njihovimi novimi funkcijami, pri \u010demer je v ospredju &nbsp;koncept ohranjanja doma\u010dije ne samo kot sestava posameznih stavb, ampak tudi prostora med njimi, odlikujejo Vrlov\u010dnikovo doma\u010dijo v Matkovem kotu kot avtorsko branje dedi\u0161\u010dine in graditeljskega dela preteklih generacij, ki je enakovredno formalnim zna\u010dilnostim zavarovane dedi\u0161\u010dine.<\/p>\n\n\n\n<figure class=\"wp-block-image size-large\"><a href=\"https:\/\/kajza.si\/index.php\/2021\/10\/07\/medprostor-domacija-vrlovcnik\/\"><img decoding=\"async\" loading=\"lazy\" width=\"1024\" height=\"684\" src=\"https:\/\/kajza.si\/wp-content\/uploads\/2021\/08\/MEDPROSTOR_Vrlov\u0192nik_Miran-Kambi\u0192-07-1024x684.jpg\" alt=\"\" class=\"wp-image-188\" srcset=\"https:\/\/kajza.si\/wp-content\/uploads\/2021\/08\/MEDPROSTOR_Vrlov\u0192nik_Miran-Kambi\u0192-07-1024x684.jpg 1024w, https:\/\/kajza.si\/wp-content\/uploads\/2021\/08\/MEDPROSTOR_Vrlov\u0192nik_Miran-Kambi\u0192-07-300x200.jpg 300w, https:\/\/kajza.si\/wp-content\/uploads\/2021\/08\/MEDPROSTOR_Vrlov\u0192nik_Miran-Kambi\u0192-07-768x513.jpg 768w, https:\/\/kajza.si\/wp-content\/uploads\/2021\/08\/MEDPROSTOR_Vrlov\u0192nik_Miran-Kambi\u0192-07-1536x1025.jpg 1536w, https:\/\/kajza.si\/wp-content\/uploads\/2021\/08\/MEDPROSTOR_Vrlov\u0192nik_Miran-Kambi\u0192-07-2048x1367.jpg 2048w\" sizes=\"(max-width: 1024px) 100vw, 1024px\" \/><\/a><figcaption class=\"wp-element-caption\"><sub>Vrlov\u010dnikova doma\u010dija, foto: Miran Kambi\u010d<\/sub><\/figcaption><\/figure>\n\n\n\n<p>Tako kot pri nekaterih Ple\u010dnikovih delih in v avtorskem izrazu Maru\u0161e Zorec lahko tudi pri Vrlov\u010dnikovi doma\u010diji beremo arhitekturne intervencije kot \u00bbposvetitev\u00ab in povzdigovanje obi\u010dajnega v materialni izraz duhovne tradicije, morda celo v avtorsko izjavo o dedovanju stoletne tradicije, ki jo je treba vedno znova na novo graditi in s tem \u0161ele vzpostavljati. Pod ohranjeno enotno streho in v gabaritih kme\u010dke doma\u010dije se iz avtenti\u010dne snovne materije ustvarja dekonstruiran \u00bbarheolo\u0161ki park\u00ab razkritih in odprtih prostorov nekdanje tipi\u010dne kme\u010dke doma\u010dije, v konceptu ne tako zelo druga\u010den od svobodne interpretacije in reinkorporacije stare cerkvice v Bogojini v novo in pomensko bistveno spremenjeno celoto. Ne trdim sicer, da sta zgoraj opisana primera neposredna dedi\u010da Ple\u010dnikovega pristopa; mislim pa, da si je avtorsko tako suveren jezik prenove brez temeljnih kamnov ljubljanske \u0161ole za arhitekturo skoraj nemogo\u010de zamisliti. Verjetno bodo prihodnje raziskave sodobnih slovenskih avtorskih prenov morale podrobno orisati pomen Ple\u010dnikovega razumevanja dela arhitekta kot avtonomnega medija posredovanja materialnega in duhovnega izro\u010dila, ki je tako o\u010ditno vplival na novo generacijo arhitekturnih ustvarjalcev. Odprto vpra\u0161anje pa ostaja, kako bodo prihodnji arhitekti posodobili patriarhalni ton Ple\u010dnikove izjave \u2013 in arhitekture \u2013 v bolj vklju\u010dujo\u010do in za razli\u010dne, tudi spregledane skupine prebivalstva ob\u010dutljivo prenovo. Ali bodo, ko bomo \u00bbo\u010detom\u00ab iz Ple\u010dnikove izjave dodali tudi mame, otroke, slu\u017ein\u010dad, hlapce in dekle, to spremenilo tudi na\u0161 pristop do snovanja in uporabe prenovljene dedi\u0161\u010dine?<\/p>\n\n\n\n<hr class=\"wp-block-separator has-alpha-channel-opacity\"\/>\n\n\n\n<p><sub><strong>Dr. Milo\u0161 Kosec <\/strong>je arhitekt, ki deluje kot docent, predavatelj in raziskovalec na Fakulteti za arhitekturo v Ljubljani. Leta 2013 je diplomiral na ljubljanski Fakulteti za arhitekturo z diplomsko nalogo, za katero je prejel \u0161tudentsko Ple\u010dnikovo nagrado ter \u0161tudentsko Pre\u0161ernovo nagrado, na londonski Univerzi Birkbeck pa je doktoriral iz pasivnosti v arhitekturi. Je \u010dlan umetni\u0161ko-raziskovalnega kolektiva Nonument.<\/sub><\/p>\n\n\n\n<hr class=\"wp-block-separator has-alpha-channel-opacity\"\/>\n\n\n\n<p><sub>Partner projekta \u2018Vedno znova prenova\u2019 je Zbornica za arhitekturo in prostor Slovenije.<\/sub><\/p>\n\n\n\n<figure class=\"wp-block-image\"><img decoding=\"async\" loading=\"lazy\" width=\"150\" height=\"150\" src=\"https:\/\/kajza.si\/wp-content\/uploads\/2024\/09\/logo-150x150.jpg\" alt=\"\" class=\"wp-image-3308\" srcset=\"https:\/\/kajza.si\/wp-content\/uploads\/2024\/09\/logo-150x150.jpg 150w, https:\/\/kajza.si\/wp-content\/uploads\/2024\/09\/logo-300x300.jpg 300w, https:\/\/kajza.si\/wp-content\/uploads\/2024\/09\/logo-768x768.jpg 768w, https:\/\/kajza.si\/wp-content\/uploads\/2024\/09\/logo.jpg 872w\" sizes=\"(max-width: 150px) 100vw, 150px\" \/><\/figure>\n\n\n\n<div style=\"height:100px\" aria-hidden=\"true\" class=\"wp-block-spacer\"><\/div>\n\n\n<div class=\"vlp-link-container vlp-template-default wp-block-visual-link-preview-link advgb-dyn-1d946343\">\n\t<a href=\"https:\/\/kajza.si\/index.php\/2021\/10\/07\/medprostor-domacija-vrlovcnik\/\" class=\"vlp-link\" title=\"Medprostor: Doma\u010dija Vrlov\u010dnik\"><\/a>\t\t<div class=\"vlp-link-image-container\">\n\t\t<div class=\"vlp-link-image\">\n\t\t\t<img loading=\"lazy\" style=\"max-width: 200px;\" width=\"200\" height=\"134\" src=\"https:\/\/kajza.si\/wp-content\/uploads\/2021\/08\/MEDPROSTOR_Vrlov\u0192nik_Miran-Kambi\u0192-05-scaled.jpg\" class=\"attachment-200x200 size-200x200\" alt=\"\" decoding=\"async\" srcset=\"https:\/\/kajza.si\/wp-content\/uploads\/2021\/08\/MEDPROSTOR_Vrlov\u0192nik_Miran-Kambi\u0192-05-scaled.jpg 2560w, https:\/\/kajza.si\/wp-content\/uploads\/2021\/08\/MEDPROSTOR_Vrlov\u0192nik_Miran-Kambi\u0192-05-300x200.jpg 300w, https:\/\/kajza.si\/wp-content\/uploads\/2021\/08\/MEDPROSTOR_Vrlov\u0192nik_Miran-Kambi\u0192-05-1024x684.jpg 1024w, https:\/\/kajza.si\/wp-content\/uploads\/2021\/08\/MEDPROSTOR_Vrlov\u0192nik_Miran-Kambi\u0192-05-768x513.jpg 768w, https:\/\/kajza.si\/wp-content\/uploads\/2021\/08\/MEDPROSTOR_Vrlov\u0192nik_Miran-Kambi\u0192-05-1536x1025.jpg 1536w, https:\/\/kajza.si\/wp-content\/uploads\/2021\/08\/MEDPROSTOR_Vrlov\u0192nik_Miran-Kambi\u0192-05-2048x1367.jpg 2048w\" sizes=\"(max-width: 200px) 100vw, 200px\" \/>\t\t<\/div>\n\t<\/div>\n\t\t<div class=\"vlp-link-text-container\">\n\t\t\t\t<div class=\"vlp-link-title\">\n\t\t\tMedprostor: Doma\u010dija Vrlov\u010dnik\t\t<\/div>\n\t\t\t\t\t\t<div class=\"vlp-link-summary\">\n\t\t\tOdmaknjen arhitekturni biser v osr\u010dju Kamni\u0161ko-Savinjskih Alp. Na odmaknjenih pobo\u010djih, kjer ima \u017eivljenje \u0161e vedno prilo\u017enost, da te\u010de po\u010dasi in preudarno, s starodavno neomajnostjo gora in vztrajnostjo studencev, so arhitekti iz pisarne Medprostor ustvarili \u010disti arhitekturni prese\u017eek. \t\t<\/div>\n\t\t\t<\/div>\n<\/div>\n\n\n<div class=\"vlp-link-container vlp-template-default wp-block-visual-link-preview-link advgb-dyn-fcf8b44e\">\n\t<a href=\"https:\/\/kajza.si\/index.php\/2024\/08\/31\/marusa-zorec-za-vsakih-20-kvadratov-eno-drevo\/\" class=\"vlp-link\" title=\"Maru\u0161a Zorec: &quot;Za vsakih 20 kvadratov eno drevo&quot;\"><\/a>\t\t<div class=\"vlp-link-image-container\">\n\t\t<div class=\"vlp-link-image\">\n\t\t\t<img loading=\"lazy\" style=\"max-width: 200px;\" width=\"200\" height=\"136\" src=\"https:\/\/kajza.si\/wp-content\/uploads\/2024\/08\/02_Marusa-Zorec.jpg\" class=\"attachment-200x200 size-200x200\" alt=\"\" decoding=\"async\" srcset=\"https:\/\/kajza.si\/wp-content\/uploads\/2024\/08\/02_Marusa-Zorec.jpg 1440w, https:\/\/kajza.si\/wp-content\/uploads\/2024\/08\/02_Marusa-Zorec-300x204.jpg 300w, https:\/\/kajza.si\/wp-content\/uploads\/2024\/08\/02_Marusa-Zorec-1024x698.jpg 1024w, https:\/\/kajza.si\/wp-content\/uploads\/2024\/08\/02_Marusa-Zorec-768x523.jpg 768w\" sizes=\"(max-width: 200px) 100vw, 200px\" \/>\t\t<\/div>\n\t<\/div>\n\t\t<div class=\"vlp-link-text-container\">\n\t\t\t\t<div class=\"vlp-link-title\">\n\t\t\tMaru\u0161a Zorec: &#8220;Za vsakih 20 kvadratov eno drevo&#8221;\t\t<\/div>\n\t\t\t\t\t\t<div class=\"vlp-link-summary\">\n\t\t\tPogovor z Maru\u0161o Zorec, eno vodilnih svetovnih arhitektk in prejemnico nagrade Heinrich Tessenow\t\t<\/div>\n\t\t\t<\/div>\n<\/div>\n\n\n\n<div style=\"height:100px\" aria-hidden=\"true\" class=\"wp-block-spacer\"><\/div>\n<\/div><\/div>\n\n\n\n<div class=\"wp-block-advgb-column advgb-column\" id=\"advgb-col-b4bef6a0-ea7f-4612-8ba6-b388f5e6f81f\"><div class=\"advgb-column-inner\" style=\"border-style:none;border-width:1px\"><\/div><\/div>\n<\/div><\/div><\/div>\n<style class=\"advgb-styles-renderer\">#advgb-cols-291ea1f7-955a-45b7-85c0-bf0682d67a03{}@media screen and (max-width: 1023px) {#advgb-cols-291ea1f7-955a-45b7-85c0-bf0682d67a03{}}@media screen and (max-width: 767px) {#advgb-cols-291ea1f7-955a-45b7-85c0-bf0682d67a03{}}#advgb-col-bc791856-5f25-4c11-aa1c-53def964ef1d>.advgb-column-inner{}@media screen and (max-width: 1023px) {#advgb-col-bc791856-5f25-4c11-aa1c-53def964ef1d>.advgb-column-inner{}}@media screen and (max-width: 767px) {#advgb-col-bc791856-5f25-4c11-aa1c-53def964ef1d>.advgb-column-inner{}}#advgb-col-b4bef6a0-ea7f-4612-8ba6-b388f5e6f81f>.advgb-column-inner{}@media screen and (max-width: 1023px) {#advgb-col-b4bef6a0-ea7f-4612-8ba6-b388f5e6f81f>.advgb-column-inner{}}@media screen and (max-width: 767px) {#advgb-col-b4bef6a0-ea7f-4612-8ba6-b388f5e6f81f>.advgb-column-inner{}}<\/style>","protected":false},"excerpt":{"rendered":"<p>V ciklu esejev \u2018Vedno znova prenova\u2019 obravnavamo pretekle poglede na dedi\u0161\u010dino skozi raziskavo prakse kanoniziranih slovenskih arhitektov ter zgodovinskega konteksta njihovega ustvarjanja. O sodobni avtorski prenovi pi\u0161e arhitekt Milo\u0161 Kosec.<\/p>\n<span class=\"archive-read-more\"><a href=\"https:\/\/kajza.si\/index.php\/2024\/11\/06\/kar-so-nasi-ocetje-dobro-naredili-avtorska-prenova-v-sodobni-slovenski-arhitekturi\/\">Preberite ve\u010d ...<\/a><\/span>","protected":false},"author":1,"featured_media":3393,"comment_status":"closed","ping_status":"open","sticky":false,"template":"","format":"standard","meta":{"advgb_blocks_editor_width":"","advgb_blocks_columns_visual_guide":"","footnotes":""},"categories":[666],"tags":[360,679,677,678,351,675,676],"yoast_head":"<!-- This site is optimized with the Yoast SEO plugin v22.6 - https:\/\/yoast.com\/wordpress\/plugins\/seo\/ -->\n<title>\u201c... kar so na\u0161i o\u010detje dobro naredili\u201d: avtorska prenova v sodobni slovenski arhitekturi &#8226; Kaj\u017ea<\/title>\n<meta name=\"robots\" content=\"index, follow, max-snippet:-1, max-image-preview:large, max-video-preview:-1\" \/>\n<link rel=\"canonical\" href=\"https:\/\/kajza.si\/index.php\/2024\/11\/06\/kar-so-nasi-ocetje-dobro-naredili-avtorska-prenova-v-sodobni-slovenski-arhitekturi\/\" \/>\n<meta property=\"og:locale\" content=\"en_US\" \/>\n<meta property=\"og:type\" content=\"article\" \/>\n<meta property=\"og:title\" content=\"\u201c... kar so na\u0161i o\u010detje dobro naredili\u201d: avtorska prenova v sodobni slovenski arhitekturi &#8226; Kaj\u017ea\" \/>\n<meta property=\"og:description\" content=\"V ciklu esejev \u2018Vedno znova prenova\u2019 obravnavamo pretekle poglede na dedi\u0161\u010dino skozi raziskavo prakse kanoniziranih slovenskih arhitektov ter zgodovinskega konteksta njihovega ustvarjanja. O sodobni avtorski prenovi pi\u0161e arhitekt Milo\u0161 Kosec.\" \/>\n<meta property=\"og:url\" content=\"https:\/\/kajza.si\/index.php\/2024\/11\/06\/kar-so-nasi-ocetje-dobro-naredili-avtorska-prenova-v-sodobni-slovenski-arhitekturi\/\" \/>\n<meta property=\"og:site_name\" content=\"Kaj\u017ea\" \/>\n<meta property=\"article:published_time\" content=\"2024-11-06T09:02:17+00:00\" \/>\n<meta property=\"article:modified_time\" content=\"2024-11-06T15:51:41+00:00\" \/>\n<meta property=\"og:image\" content=\"https:\/\/kajza.si\/wp-content\/uploads\/2024\/11\/MEDPROSTOR_Vrlov\u0192nik_Miran-Kambi\u0192-22-scaled.jpg\" \/>\n\t<meta property=\"og:image:width\" content=\"2560\" \/>\n\t<meta property=\"og:image:height\" content=\"1703\" \/>\n\t<meta property=\"og:image:type\" content=\"image\/jpeg\" \/>\n<meta name=\"author\" content=\"admin\" \/>\n<meta name=\"twitter:card\" content=\"summary_large_image\" \/>\n<meta name=\"twitter:label1\" content=\"Written by\" \/>\n\t<meta name=\"twitter:data1\" content=\"admin\" \/>\n\t<meta name=\"twitter:label2\" content=\"Est. reading time\" \/>\n\t<meta name=\"twitter:data2\" content=\"9 minutes\" \/>\n<script type=\"application\/ld+json\" class=\"yoast-schema-graph\">{\"@context\":\"https:\/\/schema.org\",\"@graph\":[{\"@type\":\"WebPage\",\"@id\":\"https:\/\/kajza.si\/index.php\/2024\/11\/06\/kar-so-nasi-ocetje-dobro-naredili-avtorska-prenova-v-sodobni-slovenski-arhitekturi\/\",\"url\":\"https:\/\/kajza.si\/index.php\/2024\/11\/06\/kar-so-nasi-ocetje-dobro-naredili-avtorska-prenova-v-sodobni-slovenski-arhitekturi\/\",\"name\":\"\u201c... kar so na\u0161i o\u010detje dobro naredili\u201d: avtorska prenova v sodobni slovenski arhitekturi &#8226; Kaj\u017ea\",\"isPartOf\":{\"@id\":\"https:\/\/kajza.si\/#website\"},\"primaryImageOfPage\":{\"@id\":\"https:\/\/kajza.si\/index.php\/2024\/11\/06\/kar-so-nasi-ocetje-dobro-naredili-avtorska-prenova-v-sodobni-slovenski-arhitekturi\/#primaryimage\"},\"image\":{\"@id\":\"https:\/\/kajza.si\/index.php\/2024\/11\/06\/kar-so-nasi-ocetje-dobro-naredili-avtorska-prenova-v-sodobni-slovenski-arhitekturi\/#primaryimage\"},\"thumbnailUrl\":\"https:\/\/kajza.si\/wp-content\/uploads\/2024\/11\/MEDPROSTOR_Vrlov\u0192nik_Miran-Kambi\u0192-22-scaled.jpg\",\"datePublished\":\"2024-11-06T09:02:17+00:00\",\"dateModified\":\"2024-11-06T15:51:41+00:00\",\"author\":{\"@id\":\"https:\/\/kajza.si\/#\/schema\/person\/292bd7b1f2a1baf0ab069409789fa002\"},\"breadcrumb\":{\"@id\":\"https:\/\/kajza.si\/index.php\/2024\/11\/06\/kar-so-nasi-ocetje-dobro-naredili-avtorska-prenova-v-sodobni-slovenski-arhitekturi\/#breadcrumb\"},\"inLanguage\":\"en-US\",\"potentialAction\":[{\"@type\":\"ReadAction\",\"target\":[\"https:\/\/kajza.si\/index.php\/2024\/11\/06\/kar-so-nasi-ocetje-dobro-naredili-avtorska-prenova-v-sodobni-slovenski-arhitekturi\/\"]}]},{\"@type\":\"ImageObject\",\"inLanguage\":\"en-US\",\"@id\":\"https:\/\/kajza.si\/index.php\/2024\/11\/06\/kar-so-nasi-ocetje-dobro-naredili-avtorska-prenova-v-sodobni-slovenski-arhitekturi\/#primaryimage\",\"url\":\"https:\/\/kajza.si\/wp-content\/uploads\/2024\/11\/MEDPROSTOR_Vrlov\u0192nik_Miran-Kambi\u0192-22-scaled.jpg\",\"contentUrl\":\"https:\/\/kajza.si\/wp-content\/uploads\/2024\/11\/MEDPROSTOR_Vrlov\u0192nik_Miran-Kambi\u0192-22-scaled.jpg\",\"width\":2560,\"height\":1703},{\"@type\":\"BreadcrumbList\",\"@id\":\"https:\/\/kajza.si\/index.php\/2024\/11\/06\/kar-so-nasi-ocetje-dobro-naredili-avtorska-prenova-v-sodobni-slovenski-arhitekturi\/#breadcrumb\",\"itemListElement\":[{\"@type\":\"ListItem\",\"position\":1,\"name\":\"Home\",\"item\":\"https:\/\/kajza.si\/\"},{\"@type\":\"ListItem\",\"position\":2,\"name\":\"\u201c&#8230; kar so na\u0161i o\u010detje dobro naredili\u201d: avtorska prenova v sodobni slovenski arhitekturi\"}]},{\"@type\":\"WebSite\",\"@id\":\"https:\/\/kajza.si\/#website\",\"url\":\"https:\/\/kajza.si\/\",\"name\":\"Kaj\u017ea\",\"description\":\"Sti\u010di\u0161\u010de za prenovo in trajnostno bivanje\",\"potentialAction\":[{\"@type\":\"SearchAction\",\"target\":{\"@type\":\"EntryPoint\",\"urlTemplate\":\"https:\/\/kajza.si\/?s={search_term_string}\"},\"query-input\":\"required name=search_term_string\"}],\"inLanguage\":\"en-US\"},{\"@type\":\"Person\",\"@id\":\"https:\/\/kajza.si\/#\/schema\/person\/292bd7b1f2a1baf0ab069409789fa002\",\"name\":\"admin\",\"image\":{\"@type\":\"ImageObject\",\"inLanguage\":\"en-US\",\"@id\":\"https:\/\/kajza.si\/#\/schema\/person\/image\/\",\"url\":\"https:\/\/secure.gravatar.com\/avatar\/1f52f1d930bd62b811131e235b6818a6?s=96&d=mm&r=g\",\"contentUrl\":\"https:\/\/secure.gravatar.com\/avatar\/1f52f1d930bd62b811131e235b6818a6?s=96&d=mm&r=g\",\"caption\":\"admin\"},\"sameAs\":[\"https:\/\/kajza.si\"],\"url\":\"https:\/\/kajza.si\/index.php\/author\/ajdaiam\/\"}]}<\/script>\n<!-- \/ Yoast SEO plugin. -->","yoast_head_json":{"title":"\u201c... kar so na\u0161i o\u010detje dobro naredili\u201d: avtorska prenova v sodobni slovenski arhitekturi &#8226; Kaj\u017ea","robots":{"index":"index","follow":"follow","max-snippet":"max-snippet:-1","max-image-preview":"max-image-preview:large","max-video-preview":"max-video-preview:-1"},"canonical":"https:\/\/kajza.si\/index.php\/2024\/11\/06\/kar-so-nasi-ocetje-dobro-naredili-avtorska-prenova-v-sodobni-slovenski-arhitekturi\/","og_locale":"en_US","og_type":"article","og_title":"\u201c... kar so na\u0161i o\u010detje dobro naredili\u201d: avtorska prenova v sodobni slovenski arhitekturi &#8226; Kaj\u017ea","og_description":"V ciklu esejev \u2018Vedno znova prenova\u2019 obravnavamo pretekle poglede na dedi\u0161\u010dino skozi raziskavo prakse kanoniziranih slovenskih arhitektov ter zgodovinskega konteksta njihovega ustvarjanja. O sodobni avtorski prenovi pi\u0161e arhitekt Milo\u0161 Kosec.","og_url":"https:\/\/kajza.si\/index.php\/2024\/11\/06\/kar-so-nasi-ocetje-dobro-naredili-avtorska-prenova-v-sodobni-slovenski-arhitekturi\/","og_site_name":"Kaj\u017ea","article_published_time":"2024-11-06T09:02:17+00:00","article_modified_time":"2024-11-06T15:51:41+00:00","og_image":[{"width":2560,"height":1703,"url":"https:\/\/kajza.si\/wp-content\/uploads\/2024\/11\/MEDPROSTOR_Vrlov\u0192nik_Miran-Kambi\u0192-22-scaled.jpg","type":"image\/jpeg"}],"author":"admin","twitter_card":"summary_large_image","twitter_misc":{"Written by":"admin","Est. reading time":"9 minutes"},"schema":{"@context":"https:\/\/schema.org","@graph":[{"@type":"WebPage","@id":"https:\/\/kajza.si\/index.php\/2024\/11\/06\/kar-so-nasi-ocetje-dobro-naredili-avtorska-prenova-v-sodobni-slovenski-arhitekturi\/","url":"https:\/\/kajza.si\/index.php\/2024\/11\/06\/kar-so-nasi-ocetje-dobro-naredili-avtorska-prenova-v-sodobni-slovenski-arhitekturi\/","name":"\u201c... kar so na\u0161i o\u010detje dobro naredili\u201d: avtorska prenova v sodobni slovenski arhitekturi &#8226; Kaj\u017ea","isPartOf":{"@id":"https:\/\/kajza.si\/#website"},"primaryImageOfPage":{"@id":"https:\/\/kajza.si\/index.php\/2024\/11\/06\/kar-so-nasi-ocetje-dobro-naredili-avtorska-prenova-v-sodobni-slovenski-arhitekturi\/#primaryimage"},"image":{"@id":"https:\/\/kajza.si\/index.php\/2024\/11\/06\/kar-so-nasi-ocetje-dobro-naredili-avtorska-prenova-v-sodobni-slovenski-arhitekturi\/#primaryimage"},"thumbnailUrl":"https:\/\/kajza.si\/wp-content\/uploads\/2024\/11\/MEDPROSTOR_Vrlov\u0192nik_Miran-Kambi\u0192-22-scaled.jpg","datePublished":"2024-11-06T09:02:17+00:00","dateModified":"2024-11-06T15:51:41+00:00","author":{"@id":"https:\/\/kajza.si\/#\/schema\/person\/292bd7b1f2a1baf0ab069409789fa002"},"breadcrumb":{"@id":"https:\/\/kajza.si\/index.php\/2024\/11\/06\/kar-so-nasi-ocetje-dobro-naredili-avtorska-prenova-v-sodobni-slovenski-arhitekturi\/#breadcrumb"},"inLanguage":"en-US","potentialAction":[{"@type":"ReadAction","target":["https:\/\/kajza.si\/index.php\/2024\/11\/06\/kar-so-nasi-ocetje-dobro-naredili-avtorska-prenova-v-sodobni-slovenski-arhitekturi\/"]}]},{"@type":"ImageObject","inLanguage":"en-US","@id":"https:\/\/kajza.si\/index.php\/2024\/11\/06\/kar-so-nasi-ocetje-dobro-naredili-avtorska-prenova-v-sodobni-slovenski-arhitekturi\/#primaryimage","url":"https:\/\/kajza.si\/wp-content\/uploads\/2024\/11\/MEDPROSTOR_Vrlov\u0192nik_Miran-Kambi\u0192-22-scaled.jpg","contentUrl":"https:\/\/kajza.si\/wp-content\/uploads\/2024\/11\/MEDPROSTOR_Vrlov\u0192nik_Miran-Kambi\u0192-22-scaled.jpg","width":2560,"height":1703},{"@type":"BreadcrumbList","@id":"https:\/\/kajza.si\/index.php\/2024\/11\/06\/kar-so-nasi-ocetje-dobro-naredili-avtorska-prenova-v-sodobni-slovenski-arhitekturi\/#breadcrumb","itemListElement":[{"@type":"ListItem","position":1,"name":"Home","item":"https:\/\/kajza.si\/"},{"@type":"ListItem","position":2,"name":"\u201c&#8230; kar so na\u0161i o\u010detje dobro naredili\u201d: avtorska prenova v sodobni slovenski arhitekturi"}]},{"@type":"WebSite","@id":"https:\/\/kajza.si\/#website","url":"https:\/\/kajza.si\/","name":"Kaj\u017ea","description":"Sti\u010di\u0161\u010de za prenovo in trajnostno bivanje","potentialAction":[{"@type":"SearchAction","target":{"@type":"EntryPoint","urlTemplate":"https:\/\/kajza.si\/?s={search_term_string}"},"query-input":"required name=search_term_string"}],"inLanguage":"en-US"},{"@type":"Person","@id":"https:\/\/kajza.si\/#\/schema\/person\/292bd7b1f2a1baf0ab069409789fa002","name":"admin","image":{"@type":"ImageObject","inLanguage":"en-US","@id":"https:\/\/kajza.si\/#\/schema\/person\/image\/","url":"https:\/\/secure.gravatar.com\/avatar\/1f52f1d930bd62b811131e235b6818a6?s=96&d=mm&r=g","contentUrl":"https:\/\/secure.gravatar.com\/avatar\/1f52f1d930bd62b811131e235b6818a6?s=96&d=mm&r=g","caption":"admin"},"sameAs":["https:\/\/kajza.si"],"url":"https:\/\/kajza.si\/index.php\/author\/ajdaiam\/"}]}},"author_meta":{"display_name":"admin","author_link":"https:\/\/kajza.si\/index.php\/author\/ajdaiam\/"},"featured_img":"https:\/\/kajza.si\/wp-content\/uploads\/2024\/11\/MEDPROSTOR_Vrlov\u0192nik_Miran-Kambi\u0192-22-300x200.jpg","coauthors":[],"tax_additional":{"categories":{"linked":["<a href=\"https:\/\/kajza.si\/index.php\/category\/vedno-znova-prenova\/\" class=\"advgb-post-tax-term\">Vedno znova prenova<\/a>"],"unlinked":["<span class=\"advgb-post-tax-term\">Vedno znova prenova<\/span>"]},"tags":{"linked":["<a href=\"https:\/\/kajza.si\/index.php\/category\/vedno-znova-prenova\/\" class=\"advgb-post-tax-term\">arrea<\/a>","<a href=\"https:\/\/kajza.si\/index.php\/category\/vedno-znova-prenova\/\" class=\"advgb-post-tax-term\">Bogojina<\/a>","<a href=\"https:\/\/kajza.si\/index.php\/category\/vedno-znova-prenova\/\" class=\"advgb-post-tax-term\">Jenerja Fischer Knap<\/a>","<a href=\"https:\/\/kajza.si\/index.php\/category\/vedno-znova-prenova\/\" class=\"advgb-post-tax-term\">Jo\u017ee Ple\u010dnik<\/a>","<a href=\"https:\/\/kajza.si\/index.php\/category\/vedno-znova-prenova\/\" class=\"advgb-post-tax-term\">Maru\u0161a Zorec<\/a>","<a href=\"https:\/\/kajza.si\/index.php\/category\/vedno-znova-prenova\/\" class=\"advgb-post-tax-term\">Milo\u0161 Kosec<\/a>","<a href=\"https:\/\/kajza.si\/index.php\/category\/vedno-znova-prenova\/\" class=\"advgb-post-tax-term\">Rok \u017dnider\u0161i\u010d<\/a>"],"unlinked":["<span class=\"advgb-post-tax-term\">arrea<\/span>","<span class=\"advgb-post-tax-term\">Bogojina<\/span>","<span class=\"advgb-post-tax-term\">Jenerja Fischer Knap<\/span>","<span class=\"advgb-post-tax-term\">Jo\u017ee Ple\u010dnik<\/span>","<span class=\"advgb-post-tax-term\">Maru\u0161a Zorec<\/span>","<span class=\"advgb-post-tax-term\">Milo\u0161 Kosec<\/span>","<span class=\"advgb-post-tax-term\">Rok \u017dnider\u0161i\u010d<\/span>"]}},"comment_count":"0","relative_dates":{"created":"Posted 1 year ago","modified":"Updated 1 year ago"},"absolute_dates":{"created":"Posted on November 6, 2024","modified":"Updated on November 6, 2024"},"absolute_dates_time":{"created":"Posted on November 6, 2024 9:02 am","modified":"Updated on November 6, 2024 3:51 pm"},"featured_img_caption":"","series_order":"","_links":{"self":[{"href":"https:\/\/kajza.si\/index.php\/wp-json\/wp\/v2\/posts\/3386"}],"collection":[{"href":"https:\/\/kajza.si\/index.php\/wp-json\/wp\/v2\/posts"}],"about":[{"href":"https:\/\/kajza.si\/index.php\/wp-json\/wp\/v2\/types\/post"}],"author":[{"embeddable":true,"href":"https:\/\/kajza.si\/index.php\/wp-json\/wp\/v2\/users\/1"}],"replies":[{"embeddable":true,"href":"https:\/\/kajza.si\/index.php\/wp-json\/wp\/v2\/comments?post=3386"}],"version-history":[{"count":4,"href":"https:\/\/kajza.si\/index.php\/wp-json\/wp\/v2\/posts\/3386\/revisions"}],"predecessor-version":[{"id":3395,"href":"https:\/\/kajza.si\/index.php\/wp-json\/wp\/v2\/posts\/3386\/revisions\/3395"}],"wp:featuredmedia":[{"embeddable":true,"href":"https:\/\/kajza.si\/index.php\/wp-json\/wp\/v2\/media\/3393"}],"wp:attachment":[{"href":"https:\/\/kajza.si\/index.php\/wp-json\/wp\/v2\/media?parent=3386"}],"wp:term":[{"taxonomy":"category","embeddable":true,"href":"https:\/\/kajza.si\/index.php\/wp-json\/wp\/v2\/categories?post=3386"},{"taxonomy":"post_tag","embeddable":true,"href":"https:\/\/kajza.si\/index.php\/wp-json\/wp\/v2\/tags?post=3386"}],"curies":[{"name":"wp","href":"https:\/\/api.w.org\/{rel}","templated":true}]}}