{"id":3382,"date":"2024-11-04T08:54:50","date_gmt":"2024-11-04T08:54:50","guid":{"rendered":"https:\/\/kajza.si\/?p=3382"},"modified":"2024-11-04T08:54:52","modified_gmt":"2024-11-04T08:54:52","slug":"kajzin-3-rojstni-dan","status":"publish","type":"post","link":"https:\/\/kajza.si\/index.php\/2024\/11\/04\/kajzin-3-rojstni-dan\/","title":{"rendered":"Kaj\u017ein 3. rojstni dan"},"content":{"rendered":"\n<div class=\"wp-block-advgb-columns advgb-columns-wrapper\" id=\"advgb-cols-75048279-577f-45c9-b9eb-8eaa1545cb3c\"><div class=\"advgb-columns-container\"><div class=\"advgb-columns advgb-columns-row advgb-is-mobile advgb-columns-2 layout-45-15 mbl-layout-stacked vgutter-10\">\n<div class=\"wp-block-advgb-column advgb-column\" id=\"advgb-col-9f614150-e7bf-4025-96a0-094057d35d11\"><div class=\"advgb-column-inner\" style=\"border-style:none;border-width:1px\">\n<h2 class=\"wp-block-heading has-text-align-center\">Kaj\u017ein 3. rojstni dan<\/h2>\n\n\n\n<p>Kaj\u017ea te dni praznuje 3. obletnico delovanja. <\/p>\n\n\n\n<p>V tem \u010dasu smo pripravili <strong>3 <\/strong>ve\u010ddnevne delavnice, <strong>1<\/strong> samostojno razstavo, <strong>3<\/strong> koprodukcijske razstave, <strong>15 <\/strong>okroglih miz, predavanj in dru\u017eenj, <strong>1<\/strong> video te\u010daj, <strong>2 <\/strong>knji\u017eici, skoraj <strong>20 <\/strong>projektov svetovanja o konkretnih prenovah, skoraj <strong>200 <\/strong>brezpla\u010dnih spletnih \u010dlankov o uporabi starih hi\u0161 in trajnostni gradnji. <\/p>\n\n\n\n<p>V to smo vlo\u017eili ne\u0161teto ur dela in prepri\u010danost v to, da je vredno, tudi \u010de na koncu ohranimo eno samo staro hi\u0161o.<\/p>\n\n\n\n<p>Hvala vsem, ki Kaj\u017eo spremljate na tej lepi in zahtevni poti! Kdo bi si mislil, koliko lepega se lahko zgodi v treh letih. <\/p>\n\n\n\n<figure class=\"wp-block-image size-large\"><img decoding=\"async\" loading=\"lazy\" width=\"1024\" height=\"768\" src=\"https:\/\/kajza.si\/wp-content\/uploads\/2024\/11\/20220910_161704-1024x768.jpg\" alt=\"\" class=\"wp-image-3383\" srcset=\"https:\/\/kajza.si\/wp-content\/uploads\/2024\/11\/20220910_161704-1024x768.jpg 1024w, https:\/\/kajza.si\/wp-content\/uploads\/2024\/11\/20220910_161704-300x225.jpg 300w, https:\/\/kajza.si\/wp-content\/uploads\/2024\/11\/20220910_161704-768x576.jpg 768w, https:\/\/kajza.si\/wp-content\/uploads\/2024\/11\/20220910_161704-1536x1152.jpg 1536w, https:\/\/kajza.si\/wp-content\/uploads\/2024\/11\/20220910_161704-2048x1536.jpg 2048w\" sizes=\"(max-width: 1024px) 100vw, 1024px\" \/><figcaption class=\"wp-element-caption\"><sub>Oblikovalska delavnica 1498\/2022, doma\u010dija pr&#8217; Lenart, 2022<\/sub><\/figcaption><\/figure>\n\n\n\n<figure class=\"wp-block-image size-large\"><img decoding=\"async\" loading=\"lazy\" width=\"1024\" height=\"683\" src=\"https:\/\/kajza.si\/wp-content\/uploads\/2022\/05\/DSC_0053-1024x683.jpg\" alt=\"\" class=\"wp-image-1611\" srcset=\"https:\/\/kajza.si\/wp-content\/uploads\/2022\/05\/DSC_0053-1024x683.jpg 1024w, https:\/\/kajza.si\/wp-content\/uploads\/2022\/05\/DSC_0053-300x200.jpg 300w, https:\/\/kajza.si\/wp-content\/uploads\/2022\/05\/DSC_0053-768x512.jpg 768w, https:\/\/kajza.si\/wp-content\/uploads\/2022\/05\/DSC_0053-1536x1024.jpg 1536w, https:\/\/kajza.si\/wp-content\/uploads\/2022\/05\/DSC_0053-2048x1365.jpg 2048w\" sizes=\"(max-width: 1024px) 100vw, 1024px\" \/><figcaption class=\"wp-element-caption\"><sub>Cikel pogovorov o skupnostnem bivanju Hi\u0161a plava proti toku, 2022, foto: Veronika Bra\u010di\u010d<\/sub><\/figcaption><\/figure>\n\n\n\n<figure class=\"wp-block-image size-large\"><img decoding=\"async\" loading=\"lazy\" width=\"1024\" height=\"683\" src=\"https:\/\/kajza.si\/wp-content\/uploads\/2023\/01\/Kajza_PrenoveRavnikarja_046-1024x683.jpg\" alt=\"\" class=\"wp-image-2243\" srcset=\"https:\/\/kajza.si\/wp-content\/uploads\/2023\/01\/Kajza_PrenoveRavnikarja_046-1024x683.jpg 1024w, https:\/\/kajza.si\/wp-content\/uploads\/2023\/01\/Kajza_PrenoveRavnikarja_046-300x200.jpg 300w, https:\/\/kajza.si\/wp-content\/uploads\/2023\/01\/Kajza_PrenoveRavnikarja_046-768x512.jpg 768w, https:\/\/kajza.si\/wp-content\/uploads\/2023\/01\/Kajza_PrenoveRavnikarja_046-1536x1024.jpg 1536w, https:\/\/kajza.si\/wp-content\/uploads\/2023\/01\/Kajza_PrenoveRavnikarja_046-2048x1365.jpg 2048w\" sizes=\"(max-width: 1024px) 100vw, 1024px\" \/><figcaption class=\"wp-element-caption\"><sub>Pogovorni ve\u010der prenove Ravnikarja, 2023, foto: Amadeja Smrekar<\/sub><\/figcaption><\/figure>\n\n\n\n<figure class=\"wp-block-image size-large\"><img decoding=\"async\" loading=\"lazy\" width=\"1024\" height=\"768\" src=\"https:\/\/kajza.si\/wp-content\/uploads\/2023\/06\/20230607_090419-1024x768.jpg\" alt=\"\" class=\"wp-image-2544\" srcset=\"https:\/\/kajza.si\/wp-content\/uploads\/2023\/06\/20230607_090419-1024x768.jpg 1024w, https:\/\/kajza.si\/wp-content\/uploads\/2023\/06\/20230607_090419-300x225.jpg 300w, https:\/\/kajza.si\/wp-content\/uploads\/2023\/06\/20230607_090419-768x576.jpg 768w, https:\/\/kajza.si\/wp-content\/uploads\/2023\/06\/20230607_090419-1536x1152.jpg 1536w, https:\/\/kajza.si\/wp-content\/uploads\/2023\/06\/20230607_090419-2048x1536.jpg 2048w\" sizes=\"(max-width: 1024px) 100vw, 1024px\" \/><figcaption class=\"wp-element-caption\"><sub>Knji\u017eica Universally Specific o vernakularni arhitekturi, 2023<\/sub><\/figcaption><\/figure>\n\n\n\n<figure class=\"wp-block-image size-large\"><img decoding=\"async\" loading=\"lazy\" width=\"1024\" height=\"683\" src=\"https:\/\/kajza.si\/wp-content\/uploads\/2022\/09\/PrLenart_24092022_039-1024x683.jpg\" alt=\"\" class=\"wp-image-1896\" srcset=\"https:\/\/kajza.si\/wp-content\/uploads\/2022\/09\/PrLenart_24092022_039-1024x683.jpg 1024w, https:\/\/kajza.si\/wp-content\/uploads\/2022\/09\/PrLenart_24092022_039-300x200.jpg 300w, https:\/\/kajza.si\/wp-content\/uploads\/2022\/09\/PrLenart_24092022_039-768x512.jpg 768w, https:\/\/kajza.si\/wp-content\/uploads\/2022\/09\/PrLenart_24092022_039-1536x1024.jpg 1536w, https:\/\/kajza.si\/wp-content\/uploads\/2022\/09\/PrLenart_24092022_039-2048x1365.jpg 2048w\" sizes=\"(max-width: 1024px) 100vw, 1024px\" \/><figcaption class=\"wp-element-caption\"><sub>Pogovorni ve\u010der \u017diveti v Alpah, doma\u010dija pr&#8217; Lenart, 2022<\/sub><\/figcaption><\/figure>\n\n\n\n<figure class=\"wp-block-image size-large\"><img decoding=\"async\" loading=\"lazy\" width=\"1024\" height=\"683\" src=\"https:\/\/kajza.si\/wp-content\/uploads\/2023\/09\/DSC7815-1024x683.jpg\" alt=\"\" class=\"wp-image-2774\" srcset=\"https:\/\/kajza.si\/wp-content\/uploads\/2023\/09\/DSC7815-1024x683.jpg 1024w, https:\/\/kajza.si\/wp-content\/uploads\/2023\/09\/DSC7815-300x200.jpg 300w, https:\/\/kajza.si\/wp-content\/uploads\/2023\/09\/DSC7815-768x512.jpg 768w, https:\/\/kajza.si\/wp-content\/uploads\/2023\/09\/DSC7815-1536x1025.jpg 1536w, https:\/\/kajza.si\/wp-content\/uploads\/2023\/09\/DSC7815.jpg 1920w\" sizes=\"(max-width: 1024px) 100vw, 1024px\" \/><figcaption class=\"wp-element-caption\"><sub>Odprtje razstave Material. Kontekst. Dru\u017eba., galerija Dessa, 2023, foto: Bla\u017e Jam\u0161ek<\/sub><\/figcaption><\/figure>\n\n\n\n<figure class=\"wp-block-image size-large\"><img decoding=\"async\" loading=\"lazy\" width=\"1024\" height=\"683\" src=\"https:\/\/kajza.si\/wp-content\/uploads\/2023\/11\/Delavnica_MaterialKontekstDruzba_024-1024x683.jpg\" alt=\"\" class=\"wp-image-2889\" srcset=\"https:\/\/kajza.si\/wp-content\/uploads\/2023\/11\/Delavnica_MaterialKontekstDruzba_024-1024x683.jpg 1024w, https:\/\/kajza.si\/wp-content\/uploads\/2023\/11\/Delavnica_MaterialKontekstDruzba_024-300x200.jpg 300w, https:\/\/kajza.si\/wp-content\/uploads\/2023\/11\/Delavnica_MaterialKontekstDruzba_024-768x512.jpg 768w, https:\/\/kajza.si\/wp-content\/uploads\/2023\/11\/Delavnica_MaterialKontekstDruzba_024-1536x1024.jpg 1536w, https:\/\/kajza.si\/wp-content\/uploads\/2023\/11\/Delavnica_MaterialKontekstDruzba_024-2048x1365.jpg 2048w\" sizes=\"(max-width: 1024px) 100vw, 1024px\" \/><figcaption class=\"wp-element-caption\"><sub>Delavnica Material. Kontekst. Dru\u017eba., 2023, foto: Amadeja Smrekar<\/sub><\/figcaption><\/figure>\n\n\n\n<figure class=\"wp-block-image size-large\"><img decoding=\"async\" loading=\"lazy\" width=\"1024\" height=\"683\" src=\"https:\/\/kajza.si\/wp-content\/uploads\/2023\/11\/Delavnica_MaterialKontekstDruzba_084-1024x683.jpg\" alt=\"\" class=\"wp-image-2949\" srcset=\"https:\/\/kajza.si\/wp-content\/uploads\/2023\/11\/Delavnica_MaterialKontekstDruzba_084-1024x683.jpg 1024w, https:\/\/kajza.si\/wp-content\/uploads\/2023\/11\/Delavnica_MaterialKontekstDruzba_084-300x200.jpg 300w, https:\/\/kajza.si\/wp-content\/uploads\/2023\/11\/Delavnica_MaterialKontekstDruzba_084-768x512.jpg 768w, https:\/\/kajza.si\/wp-content\/uploads\/2023\/11\/Delavnica_MaterialKontekstDruzba_084-1536x1024.jpg 1536w, https:\/\/kajza.si\/wp-content\/uploads\/2023\/11\/Delavnica_MaterialKontekstDruzba_084-2048x1365.jpg 2048w\" sizes=\"(max-width: 1024px) 100vw, 1024px\" \/><figcaption class=\"wp-element-caption\"><sub>Pogovorni ve\u010der Perspektive prihodnje arhitekture, Cukrarna, 2023, foto: Amadeja Smrekar<\/sub><\/figcaption><\/figure>\n\n\n\n<figure class=\"wp-block-image size-large\"><img decoding=\"async\" loading=\"lazy\" width=\"1024\" height=\"683\" src=\"https:\/\/kajza.si\/wp-content\/uploads\/2024\/06\/2024_06_12-ID20-Reviving-Heritage-Masterclass-Marko-Cuk-004-CUK2_9680-1024x683.jpg\" alt=\"\" class=\"wp-image-3259\" srcset=\"https:\/\/kajza.si\/wp-content\/uploads\/2024\/06\/2024_06_12-ID20-Reviving-Heritage-Masterclass-Marko-Cuk-004-CUK2_9680-1024x683.jpg 1024w, https:\/\/kajza.si\/wp-content\/uploads\/2024\/06\/2024_06_12-ID20-Reviving-Heritage-Masterclass-Marko-Cuk-004-CUK2_9680-300x200.jpg 300w, https:\/\/kajza.si\/wp-content\/uploads\/2024\/06\/2024_06_12-ID20-Reviving-Heritage-Masterclass-Marko-Cuk-004-CUK2_9680-768x512.jpg 768w, https:\/\/kajza.si\/wp-content\/uploads\/2024\/06\/2024_06_12-ID20-Reviving-Heritage-Masterclass-Marko-Cuk-004-CUK2_9680.jpg 1318w\" sizes=\"(max-width: 1024px) 100vw, 1024px\" \/><figcaption class=\"wp-element-caption\"><sub>Delavnica pripovedovanja zgodb o starih hi\u0161ah, Idrija, 2024, foto: ID20<\/sub><\/figcaption><\/figure>\n\n\n\n<div style=\"height:100px\" aria-hidden=\"true\" class=\"wp-block-spacer\"><\/div>\n\n\n<div class=\"vlp-link-container vlp-template-default wp-block-visual-link-preview-link\">\n\t<a href=\"https:\/\/kajza.si\/index.php\/2021\/09\/28\/at-in-tellus-integer-feugiat-scelerisque\/\" class=\"vlp-link\" title=\"Zakaj Kaj\u017ea?\"><\/a>\t\t<div class=\"vlp-link-image-container\">\n\t\t<div class=\"vlp-link-image\">\n\t\t\t<img loading=\"lazy\" style=\"max-width: 200px;\" width=\"200\" height=\"77\" src=\"https:\/\/kajza.si\/wp-content\/uploads\/2021\/08\/fb_cover1-scaled.jpg\" class=\"attachment-200x200 size-200x200\" alt=\"\" decoding=\"async\" srcset=\"https:\/\/kajza.si\/wp-content\/uploads\/2021\/08\/fb_cover1-scaled.jpg 2560w, https:\/\/kajza.si\/wp-content\/uploads\/2021\/08\/fb_cover1-300x115.jpg 300w, https:\/\/kajza.si\/wp-content\/uploads\/2021\/08\/fb_cover1-1024x393.jpg 1024w, https:\/\/kajza.si\/wp-content\/uploads\/2021\/08\/fb_cover1-768x295.jpg 768w, https:\/\/kajza.si\/wp-content\/uploads\/2021\/08\/fb_cover1-1536x590.jpg 1536w, https:\/\/kajza.si\/wp-content\/uploads\/2021\/08\/fb_cover1-2048x786.jpg 2048w\" sizes=\"(max-width: 200px) 100vw, 200px\" \/>\t\t<\/div>\n\t<\/div>\n\t\t<div class=\"vlp-link-text-container\">\n\t\t\t\t<div class=\"vlp-link-title\">\n\t\t\tZakaj Kaj\u017ea?\t\t<\/div>\n\t\t\t\t\t\t<div class=\"vlp-link-summary\">\n\t\t\tDobrodo\u0161li! Kaj\u017ea je sti\u010di\u0161\u010de za prenovo in trajnostne oblike bivanja. Gre za platformo, ki bo povezala strokovnjake in navdu\u0161ence nad arhitekturno prenovo, mojstre obrtnike in inovativne tehnologe, varuhe dedi\u0161\u010dine in lokalne skupnosti, okoljevarstvenike, zakonodajalce, poljedelce, arhitekte, kulturnike in znanstvenike. Kaj\u017ea je tudi izobra\u017eevalno orodje, je tudi medij in tudi generator idej o druga\u010dnih, bolj trajnostnih na\u010dinih bivanja.\t\t<\/div>\n\t\t\t<\/div>\n<\/div>\n\n\n\n<div style=\"height:100px\" aria-hidden=\"true\" class=\"wp-block-spacer\"><\/div>\n\n\n\n<p><\/p>\n<\/div><\/div>\n\n\n\n<div class=\"wp-block-advgb-column advgb-column\" id=\"advgb-col-341a7621-8acd-491d-8e15-9573eae25044\"><div class=\"advgb-column-inner\" style=\"border-style:none;border-width:1px\"><\/div><\/div>\n<\/div><\/div><\/div>\n<style class=\"advgb-styles-renderer\">#advgb-cols-75048279-577f-45c9-b9eb-8eaa1545cb3c{}@media screen and (max-width: 1023px) {#advgb-cols-75048279-577f-45c9-b9eb-8eaa1545cb3c{}}@media screen and (max-width: 767px) {#advgb-cols-75048279-577f-45c9-b9eb-8eaa1545cb3c{}}#advgb-col-9f614150-e7bf-4025-96a0-094057d35d11>.advgb-column-inner{}@media screen and (max-width: 1023px) {#advgb-col-9f614150-e7bf-4025-96a0-094057d35d11>.advgb-column-inner{}}@media screen and (max-width: 767px) {#advgb-col-9f614150-e7bf-4025-96a0-094057d35d11>.advgb-column-inner{}}#advgb-col-341a7621-8acd-491d-8e15-9573eae25044>.advgb-column-inner{}@media screen and (max-width: 1023px) {#advgb-col-341a7621-8acd-491d-8e15-9573eae25044>.advgb-column-inner{}}@media screen and (max-width: 767px) {#advgb-col-341a7621-8acd-491d-8e15-9573eae25044>.advgb-column-inner{}}<\/style>","protected":false},"excerpt":{"rendered":"<p>Kaj\u017ea te dni praznuje 3. obletnico delovanja. <\/p>\n<span class=\"archive-read-more\"><a href=\"https:\/\/kajza.si\/index.php\/2024\/11\/04\/kajzin-3-rojstni-dan\/\">Preberite ve\u010d ...<\/a><\/span>","protected":false},"author":1,"featured_media":3384,"comment_status":"closed","ping_status":"open","sticky":false,"template":"","format":"standard","meta":{"advgb_blocks_editor_width":"","advgb_blocks_columns_visual_guide":"","footnotes":""},"categories":[11],"tags":[674],"yoast_head":"<!-- This site is optimized with the Yoast SEO plugin v22.6 - https:\/\/yoast.com\/wordpress\/plugins\/seo\/ -->\n<title>Kaj\u017ein 3. rojstni dan &#8226; Kaj\u017ea<\/title>\n<meta name=\"robots\" content=\"index, follow, max-snippet:-1, max-image-preview:large, max-video-preview:-1\" \/>\n<link rel=\"canonical\" href=\"https:\/\/kajza.si\/index.php\/2024\/11\/04\/kajzin-3-rojstni-dan\/\" \/>\n<meta property=\"og:locale\" content=\"en_US\" \/>\n<meta property=\"og:type\" content=\"article\" \/>\n<meta property=\"og:title\" content=\"Kaj\u017ein 3. rojstni dan &#8226; Kaj\u017ea\" \/>\n<meta property=\"og:description\" content=\"Kaj\u017ea te dni praznuje 3. obletnico delovanja.\" \/>\n<meta property=\"og:url\" content=\"https:\/\/kajza.si\/index.php\/2024\/11\/04\/kajzin-3-rojstni-dan\/\" \/>\n<meta property=\"og:site_name\" content=\"Kaj\u017ea\" \/>\n<meta property=\"article:published_time\" content=\"2024-11-04T08:54:50+00:00\" \/>\n<meta property=\"article:modified_time\" content=\"2024-11-04T08:54:52+00:00\" \/>\n<meta property=\"og:image\" content=\"https:\/\/kajza.si\/wp-content\/uploads\/2024\/11\/Fig2.jpg\" \/>\n\t<meta property=\"og:image:width\" content=\"1134\" \/>\n\t<meta property=\"og:image:height\" content=\"567\" \/>\n\t<meta property=\"og:image:type\" content=\"image\/jpeg\" \/>\n<meta name=\"author\" content=\"admin\" \/>\n<meta name=\"twitter:card\" content=\"summary_large_image\" \/>\n<meta name=\"twitter:label1\" content=\"Written by\" \/>\n\t<meta name=\"twitter:data1\" content=\"admin\" \/>\n\t<meta name=\"twitter:label2\" content=\"Est. reading time\" \/>\n\t<meta name=\"twitter:data2\" content=\"1 minute\" \/>\n<script type=\"application\/ld+json\" class=\"yoast-schema-graph\">{\"@context\":\"https:\/\/schema.org\",\"@graph\":[{\"@type\":\"WebPage\",\"@id\":\"https:\/\/kajza.si\/index.php\/2024\/11\/04\/kajzin-3-rojstni-dan\/\",\"url\":\"https:\/\/kajza.si\/index.php\/2024\/11\/04\/kajzin-3-rojstni-dan\/\",\"name\":\"Kaj\u017ein 3. rojstni dan &#8226; Kaj\u017ea\",\"isPartOf\":{\"@id\":\"https:\/\/kajza.si\/#website\"},\"primaryImageOfPage\":{\"@id\":\"https:\/\/kajza.si\/index.php\/2024\/11\/04\/kajzin-3-rojstni-dan\/#primaryimage\"},\"image\":{\"@id\":\"https:\/\/kajza.si\/index.php\/2024\/11\/04\/kajzin-3-rojstni-dan\/#primaryimage\"},\"thumbnailUrl\":\"https:\/\/kajza.si\/wp-content\/uploads\/2024\/11\/Fig2.jpg\",\"datePublished\":\"2024-11-04T08:54:50+00:00\",\"dateModified\":\"2024-11-04T08:54:52+00:00\",\"author\":{\"@id\":\"https:\/\/kajza.si\/#\/schema\/person\/292bd7b1f2a1baf0ab069409789fa002\"},\"breadcrumb\":{\"@id\":\"https:\/\/kajza.si\/index.php\/2024\/11\/04\/kajzin-3-rojstni-dan\/#breadcrumb\"},\"inLanguage\":\"en-US\",\"potentialAction\":[{\"@type\":\"ReadAction\",\"target\":[\"https:\/\/kajza.si\/index.php\/2024\/11\/04\/kajzin-3-rojstni-dan\/\"]}]},{\"@type\":\"ImageObject\",\"inLanguage\":\"en-US\",\"@id\":\"https:\/\/kajza.si\/index.php\/2024\/11\/04\/kajzin-3-rojstni-dan\/#primaryimage\",\"url\":\"https:\/\/kajza.si\/wp-content\/uploads\/2024\/11\/Fig2.jpg\",\"contentUrl\":\"https:\/\/kajza.si\/wp-content\/uploads\/2024\/11\/Fig2.jpg\",\"width\":1134,\"height\":567},{\"@type\":\"BreadcrumbList\",\"@id\":\"https:\/\/kajza.si\/index.php\/2024\/11\/04\/kajzin-3-rojstni-dan\/#breadcrumb\",\"itemListElement\":[{\"@type\":\"ListItem\",\"position\":1,\"name\":\"Home\",\"item\":\"https:\/\/kajza.si\/\"},{\"@type\":\"ListItem\",\"position\":2,\"name\":\"Kaj\u017ein 3. rojstni dan\"}]},{\"@type\":\"WebSite\",\"@id\":\"https:\/\/kajza.si\/#website\",\"url\":\"https:\/\/kajza.si\/\",\"name\":\"Kaj\u017ea\",\"description\":\"Sti\u010di\u0161\u010de za prenovo in trajnostno bivanje\",\"potentialAction\":[{\"@type\":\"SearchAction\",\"target\":{\"@type\":\"EntryPoint\",\"urlTemplate\":\"https:\/\/kajza.si\/?s={search_term_string}\"},\"query-input\":\"required name=search_term_string\"}],\"inLanguage\":\"en-US\"},{\"@type\":\"Person\",\"@id\":\"https:\/\/kajza.si\/#\/schema\/person\/292bd7b1f2a1baf0ab069409789fa002\",\"name\":\"admin\",\"image\":{\"@type\":\"ImageObject\",\"inLanguage\":\"en-US\",\"@id\":\"https:\/\/kajza.si\/#\/schema\/person\/image\/\",\"url\":\"https:\/\/secure.gravatar.com\/avatar\/1f52f1d930bd62b811131e235b6818a6?s=96&d=mm&r=g\",\"contentUrl\":\"https:\/\/secure.gravatar.com\/avatar\/1f52f1d930bd62b811131e235b6818a6?s=96&d=mm&r=g\",\"caption\":\"admin\"},\"sameAs\":[\"https:\/\/kajza.si\"],\"url\":\"https:\/\/kajza.si\/index.php\/author\/ajdaiam\/\"}]}<\/script>\n<!-- \/ Yoast SEO plugin. -->","yoast_head_json":{"title":"Kaj\u017ein 3. rojstni dan &#8226; Kaj\u017ea","robots":{"index":"index","follow":"follow","max-snippet":"max-snippet:-1","max-image-preview":"max-image-preview:large","max-video-preview":"max-video-preview:-1"},"canonical":"https:\/\/kajza.si\/index.php\/2024\/11\/04\/kajzin-3-rojstni-dan\/","og_locale":"en_US","og_type":"article","og_title":"Kaj\u017ein 3. rojstni dan &#8226; Kaj\u017ea","og_description":"Kaj\u017ea te dni praznuje 3. obletnico delovanja.","og_url":"https:\/\/kajza.si\/index.php\/2024\/11\/04\/kajzin-3-rojstni-dan\/","og_site_name":"Kaj\u017ea","article_published_time":"2024-11-04T08:54:50+00:00","article_modified_time":"2024-11-04T08:54:52+00:00","og_image":[{"width":1134,"height":567,"url":"https:\/\/kajza.si\/wp-content\/uploads\/2024\/11\/Fig2.jpg","type":"image\/jpeg"}],"author":"admin","twitter_card":"summary_large_image","twitter_misc":{"Written by":"admin","Est. reading time":"1 minute"},"schema":{"@context":"https:\/\/schema.org","@graph":[{"@type":"WebPage","@id":"https:\/\/kajza.si\/index.php\/2024\/11\/04\/kajzin-3-rojstni-dan\/","url":"https:\/\/kajza.si\/index.php\/2024\/11\/04\/kajzin-3-rojstni-dan\/","name":"Kaj\u017ein 3. rojstni dan &#8226; Kaj\u017ea","isPartOf":{"@id":"https:\/\/kajza.si\/#website"},"primaryImageOfPage":{"@id":"https:\/\/kajza.si\/index.php\/2024\/11\/04\/kajzin-3-rojstni-dan\/#primaryimage"},"image":{"@id":"https:\/\/kajza.si\/index.php\/2024\/11\/04\/kajzin-3-rojstni-dan\/#primaryimage"},"thumbnailUrl":"https:\/\/kajza.si\/wp-content\/uploads\/2024\/11\/Fig2.jpg","datePublished":"2024-11-04T08:54:50+00:00","dateModified":"2024-11-04T08:54:52+00:00","author":{"@id":"https:\/\/kajza.si\/#\/schema\/person\/292bd7b1f2a1baf0ab069409789fa002"},"breadcrumb":{"@id":"https:\/\/kajza.si\/index.php\/2024\/11\/04\/kajzin-3-rojstni-dan\/#breadcrumb"},"inLanguage":"en-US","potentialAction":[{"@type":"ReadAction","target":["https:\/\/kajza.si\/index.php\/2024\/11\/04\/kajzin-3-rojstni-dan\/"]}]},{"@type":"ImageObject","inLanguage":"en-US","@id":"https:\/\/kajza.si\/index.php\/2024\/11\/04\/kajzin-3-rojstni-dan\/#primaryimage","url":"https:\/\/kajza.si\/wp-content\/uploads\/2024\/11\/Fig2.jpg","contentUrl":"https:\/\/kajza.si\/wp-content\/uploads\/2024\/11\/Fig2.jpg","width":1134,"height":567},{"@type":"BreadcrumbList","@id":"https:\/\/kajza.si\/index.php\/2024\/11\/04\/kajzin-3-rojstni-dan\/#breadcrumb","itemListElement":[{"@type":"ListItem","position":1,"name":"Home","item":"https:\/\/kajza.si\/"},{"@type":"ListItem","position":2,"name":"Kaj\u017ein 3. rojstni dan"}]},{"@type":"WebSite","@id":"https:\/\/kajza.si\/#website","url":"https:\/\/kajza.si\/","name":"Kaj\u017ea","description":"Sti\u010di\u0161\u010de za prenovo in trajnostno bivanje","potentialAction":[{"@type":"SearchAction","target":{"@type":"EntryPoint","urlTemplate":"https:\/\/kajza.si\/?s={search_term_string}"},"query-input":"required name=search_term_string"}],"inLanguage":"en-US"},{"@type":"Person","@id":"https:\/\/kajza.si\/#\/schema\/person\/292bd7b1f2a1baf0ab069409789fa002","name":"admin","image":{"@type":"ImageObject","inLanguage":"en-US","@id":"https:\/\/kajza.si\/#\/schema\/person\/image\/","url":"https:\/\/secure.gravatar.com\/avatar\/1f52f1d930bd62b811131e235b6818a6?s=96&d=mm&r=g","contentUrl":"https:\/\/secure.gravatar.com\/avatar\/1f52f1d930bd62b811131e235b6818a6?s=96&d=mm&r=g","caption":"admin"},"sameAs":["https:\/\/kajza.si"],"url":"https:\/\/kajza.si\/index.php\/author\/ajdaiam\/"}]}},"author_meta":{"display_name":"admin","author_link":"https:\/\/kajza.si\/index.php\/author\/ajdaiam\/"},"featured_img":"https:\/\/kajza.si\/wp-content\/uploads\/2024\/11\/Fig2-300x150.jpg","coauthors":[],"tax_additional":{"categories":{"linked":["<a href=\"https:\/\/kajza.si\/index.php\/category\/kajza\/\" class=\"advgb-post-tax-term\">kaj\u017ea<\/a>"],"unlinked":["<span class=\"advgb-post-tax-term\">kaj\u017ea<\/span>"]},"tags":{"linked":["<a href=\"https:\/\/kajza.si\/index.php\/category\/kajza\/\" class=\"advgb-post-tax-term\">kaj\u017ein rojstni dan<\/a>"],"unlinked":["<span class=\"advgb-post-tax-term\">kaj\u017ein rojstni dan<\/span>"]}},"comment_count":"0","relative_dates":{"created":"Posted 1 year ago","modified":"Updated 1 year ago"},"absolute_dates":{"created":"Posted on November 4, 2024","modified":"Updated on November 4, 2024"},"absolute_dates_time":{"created":"Posted on November 4, 2024 8:54 am","modified":"Updated on November 4, 2024 8:54 am"},"featured_img_caption":"","series_order":"","_links":{"self":[{"href":"https:\/\/kajza.si\/index.php\/wp-json\/wp\/v2\/posts\/3382"}],"collection":[{"href":"https:\/\/kajza.si\/index.php\/wp-json\/wp\/v2\/posts"}],"about":[{"href":"https:\/\/kajza.si\/index.php\/wp-json\/wp\/v2\/types\/post"}],"author":[{"embeddable":true,"href":"https:\/\/kajza.si\/index.php\/wp-json\/wp\/v2\/users\/1"}],"replies":[{"embeddable":true,"href":"https:\/\/kajza.si\/index.php\/wp-json\/wp\/v2\/comments?post=3382"}],"version-history":[{"count":1,"href":"https:\/\/kajza.si\/index.php\/wp-json\/wp\/v2\/posts\/3382\/revisions"}],"predecessor-version":[{"id":3385,"href":"https:\/\/kajza.si\/index.php\/wp-json\/wp\/v2\/posts\/3382\/revisions\/3385"}],"wp:featuredmedia":[{"embeddable":true,"href":"https:\/\/kajza.si\/index.php\/wp-json\/wp\/v2\/media\/3384"}],"wp:attachment":[{"href":"https:\/\/kajza.si\/index.php\/wp-json\/wp\/v2\/media?parent=3382"}],"wp:term":[{"taxonomy":"category","embeddable":true,"href":"https:\/\/kajza.si\/index.php\/wp-json\/wp\/v2\/categories?post=3382"},{"taxonomy":"post_tag","embeddable":true,"href":"https:\/\/kajza.si\/index.php\/wp-json\/wp\/v2\/tags?post=3382"}],"curies":[{"name":"wp","href":"https:\/\/api.w.org\/{rel}","templated":true}]}}