{"id":2822,"date":"2023-09-27T06:55:08","date_gmt":"2023-09-27T06:55:08","guid":{"rendered":"https:\/\/kajza.si\/?p=2822"},"modified":"2023-09-27T06:55:09","modified_gmt":"2023-09-27T06:55:09","slug":"objavljen-je-letosnji-razpis-piranesi","status":"publish","type":"post","link":"https:\/\/kajza.si\/index.php\/2023\/09\/27\/objavljen-je-letosnji-razpis-piranesi\/","title":{"rendered":"Objavljen je leto\u0161nji razpis Piranesi"},"content":{"rendered":"\n<div class=\"wp-block-advgb-columns advgb-columns-wrapper\" id=\"advgb-cols-54bbcd99-bd82-4a77-92d2-dd314b4a91c2\"><div class=\"advgb-columns-container\"><div class=\"advgb-columns advgb-columns-row advgb-is-mobile advgb-columns-2 layout-45-15 mbl-layout-stacked vgutter-10\">\n<div class=\"wp-block-advgb-column advgb-column\" id=\"advgb-col-16387890-ed77-4079-afb8-128dece87ab2\"><div class=\"advgb-column-inner\" style=\"border-style:none;border-width:1px\">\n<h2 class=\"wp-block-heading has-text-align-center\">Objavljen je leto\u0161nji razpis Piranesi<\/h2>\n\n\n\n<p class=\"has-text-align-center\"><sub>sreda, 27. september 2023<\/sub><\/p>\n\n\n\n<p>Razpis za nagrado Piranesi je objavljen vsako leto sredi septembra. Namen razpisa je izbor realiziranih arhitekturnih del, ki se bodo na mednarodni arhitekturni razstavi Piranesi, organizirani v sklopu Piranskih dnevov arhitekture, potegovali za nagrado in \u010dastna priznanja&nbsp;<strong>Piranesi 2023<\/strong>.<\/p>\n\n\n\n<p>Nagrada Piranesi nagrajuje najbolj\u0161e arhitekturne realizacije in \u0161tudentska dela, nastala v zadnjih dveh letih na obmo\u010dju Centralne Evrope. Sodelujo\u010de de\u017eele so Avstrija, Bosna in Hercegovina, \u010ce\u0161ka, \u010crna Gora, Gr\u010dija, Hrva\u0161ka, Italija, Mad\u017earska, Slova\u0161ka, Slovenija in Srbija. Sodelujo\u010de fakultete so&nbsp;Gradec, Spittal, Dunaj,&nbsp;Banja Luka, Mostar, Sarajevo, Split, Zagreb, Solun, Budimpe\u0161ta, Pescara, Trst, Podgorica, Bratislava, Ljubljana, Maribor, Beograd, Novi Sad, Kragujevac in AA London.<\/p>\n\n\n\n<p>Arhitekti zgoraj na\u0161tetih de\u017eel se lahko prijavijo za nagrado Piranesi preko <a href=\"https:\/\/www.pida.si\/piranesi-selektorji-in-kriteriji\">nacionalnih selektorjev<\/a>. Vsak nacionalni selektor bo izbral in nominiral 5 realiziranih arhitekturnih del, zgrajenih v zadnjih dveh letih.<\/p>\n\n\n\n<p>\u0160tudenti zgoraj omenjenih arhitekturnih fakultet se lahko za \u0161tudentsko priznanje Piranesi prijavijo preko <a href=\"https:\/\/www.pida.si\/piranesi-selektorji-in-kriteriji\">\u0161tudentskih selektorjev<\/a> svoje fakultete. Vsak \u0161tudentski selektor bo izbral in nominiral dva realizirana ali nerealizirana projekta, nastala v zadnjih dveh \u0161tudijskih letih.<\/p>\n\n\n\n<p>Selektorji imajo pravico podati svoje predloge. Nominirani projekti so znani vsako leto konec oktobra.<\/p>\n\n\n\n<p>Izbrani nominiranci bodo s strani selektorja ali organizatorja pravo\u010dasno obve\u0161\u010deni o nominaciji. Pripraviti bodo morali svoj razstavni plakat v pdf formatu in ga preko WeTransferja poslati v tiskarno organizatorja.<\/p>\n\n\n\n<p><strong>Rok za prijavo je 18. oktober 2023.<\/strong><\/p>\n\n\n\n<p>Ve\u010d na: https:\/\/www.pida.si\/piranesi-razpis<\/p>\n\n\n\n<div style=\"height:100px\" aria-hidden=\"true\" class=\"wp-block-spacer\"><\/div>\n\n\n<div class=\"vlp-link-container vlp-template-default wp-block-visual-link-preview-link\">\n\t<a href=\"https:\/\/kajza.si\/index.php\/2022\/11\/29\/kako-iskrena-je-iskrena-arhitektura\/\" class=\"vlp-link\" title=\"Kako iskrena je iskrena arhitektura?\"><\/a>\t\t<div class=\"vlp-link-image-container\">\n\t\t<div class=\"vlp-link-image\">\n\t\t\t<img loading=\"lazy\" style=\"max-width: 200px;\" width=\"200\" height=\"133\" src=\"https:\/\/kajza.si\/wp-content\/uploads\/2022\/11\/thumb_LR_project_07_NUA_Gon-Gar-workshop_photo-Adria\u0300-Goula_LR.jpg\" class=\"attachment-200x200 size-200x200\" alt=\"\" decoding=\"async\" srcset=\"https:\/\/kajza.si\/wp-content\/uploads\/2022\/11\/thumb_LR_project_07_NUA_Gon-Gar-workshop_photo-Adria\u0300-Goula_LR.jpg 855w, https:\/\/kajza.si\/wp-content\/uploads\/2022\/11\/thumb_LR_project_07_NUA_Gon-Gar-workshop_photo-Adria\u0300-Goula_LR-300x200.jpg 300w, https:\/\/kajza.si\/wp-content\/uploads\/2022\/11\/thumb_LR_project_07_NUA_Gon-Gar-workshop_photo-Adria\u0300-Goula_LR-768x512.jpg 768w\" sizes=\"(max-width: 200px) 100vw, 200px\" \/>\t\t<\/div>\n\t<\/div>\n\t\t<div class=\"vlp-link-text-container\">\n\t\t\t\t<div class=\"vlp-link-title\">\n\t\t\tKako iskrena je iskrena arhitektura?\t\t<\/div>\n\t\t\t\t\t\t<div class=\"vlp-link-summary\">\n\t\t\tPoro\u010dilo z 39. Piranskih dni arhitekture\t\t<\/div>\n\t\t\t<\/div>\n<\/div>\n\n\n\n<div style=\"height:100px\" aria-hidden=\"true\" class=\"wp-block-spacer\"><\/div>\n<\/div><\/div>\n\n\n\n<div class=\"wp-block-advgb-column advgb-column\" id=\"advgb-col-9702230c-e9f2-40e3-9f48-4d044726914c\"><div class=\"advgb-column-inner\" style=\"border-style:none;border-width:1px\"><\/div><\/div>\n<\/div><\/div><\/div>\n<style class=\"advgb-styles-renderer\">#advgb-cols-54bbcd99-bd82-4a77-92d2-dd314b4a91c2{}@media screen and (max-width: 1023px) {#advgb-cols-54bbcd99-bd82-4a77-92d2-dd314b4a91c2{}}@media screen and (max-width: 767px) {#advgb-cols-54bbcd99-bd82-4a77-92d2-dd314b4a91c2{}}#advgb-col-16387890-ed77-4079-afb8-128dece87ab2>.advgb-column-inner{}@media screen and (max-width: 1023px) {#advgb-col-16387890-ed77-4079-afb8-128dece87ab2>.advgb-column-inner{}}@media screen and (max-width: 767px) {#advgb-col-16387890-ed77-4079-afb8-128dece87ab2>.advgb-column-inner{}}#advgb-col-9702230c-e9f2-40e3-9f48-4d044726914c>.advgb-column-inner{}@media screen and (max-width: 1023px) {#advgb-col-9702230c-e9f2-40e3-9f48-4d044726914c>.advgb-column-inner{}}@media screen and (max-width: 767px) {#advgb-col-9702230c-e9f2-40e3-9f48-4d044726914c>.advgb-column-inner{}}<\/style>","protected":false},"excerpt":{"rendered":"<p>Namen razpisa je izbor realiziranih arhitekturnih del, ki se bodo na mednarodni arhitekturni razstavi Piranesi, organizirani v sklopu Piranskih dnevov arhitekture, potegovali za nagrado in \u010dastna priznanja\u00a0Piranesi 2023.<\/p>\n<span class=\"archive-read-more\"><a href=\"https:\/\/kajza.si\/index.php\/2023\/09\/27\/objavljen-je-letosnji-razpis-piranesi\/\">Preberite ve\u010d ...<\/a><\/span>","protected":false},"author":1,"featured_media":2823,"comment_status":"open","ping_status":"open","sticky":false,"template":"","format":"standard","meta":{"advgb_blocks_editor_width":"","advgb_blocks_columns_visual_guide":"","footnotes":""},"categories":[4,19],"tags":[54,417,596],"yoast_head":"<!-- This site is optimized with the Yoast SEO plugin v22.6 - https:\/\/yoast.com\/wordpress\/plugins\/seo\/ -->\n<title>Objavljen je leto\u0161nji razpis Piranesi &#8226; Kaj\u017ea<\/title>\n<meta name=\"robots\" content=\"index, follow, max-snippet:-1, max-image-preview:large, max-video-preview:-1\" \/>\n<link rel=\"canonical\" href=\"https:\/\/kajza.si\/index.php\/2023\/09\/27\/objavljen-je-letosnji-razpis-piranesi\/\" \/>\n<meta property=\"og:locale\" content=\"en_US\" \/>\n<meta property=\"og:type\" content=\"article\" \/>\n<meta property=\"og:title\" content=\"Objavljen je leto\u0161nji razpis Piranesi &#8226; Kaj\u017ea\" \/>\n<meta property=\"og:description\" content=\"Namen razpisa je izbor realiziranih arhitekturnih del, ki se bodo na mednarodni arhitekturni razstavi Piranesi, organizirani v sklopu Piranskih dnevov arhitekture, potegovali za nagrado in \u010dastna priznanja\u00a0Piranesi 2023.\" \/>\n<meta property=\"og:url\" content=\"https:\/\/kajza.si\/index.php\/2023\/09\/27\/objavljen-je-letosnji-razpis-piranesi\/\" \/>\n<meta property=\"og:site_name\" content=\"Kaj\u017ea\" \/>\n<meta property=\"article:published_time\" content=\"2023-09-27T06:55:08+00:00\" \/>\n<meta property=\"article:modified_time\" content=\"2023-09-27T06:55:09+00:00\" \/>\n<meta property=\"og:image\" content=\"https:\/\/kajza.si\/wp-content\/uploads\/2023\/09\/2023-PDA_WEB-IMAGE-1-m.png\" \/>\n\t<meta property=\"og:image:width\" content=\"600\" \/>\n\t<meta property=\"og:image:height\" content=\"600\" \/>\n\t<meta property=\"og:image:type\" content=\"image\/png\" \/>\n<meta name=\"author\" content=\"admin\" \/>\n<meta name=\"twitter:card\" content=\"summary_large_image\" \/>\n<meta name=\"twitter:label1\" content=\"Written by\" \/>\n\t<meta name=\"twitter:data1\" content=\"admin\" \/>\n\t<meta name=\"twitter:label2\" content=\"Est. reading time\" \/>\n\t<meta name=\"twitter:data2\" content=\"1 minute\" \/>\n<script type=\"application\/ld+json\" class=\"yoast-schema-graph\">{\"@context\":\"https:\/\/schema.org\",\"@graph\":[{\"@type\":\"WebPage\",\"@id\":\"https:\/\/kajza.si\/index.php\/2023\/09\/27\/objavljen-je-letosnji-razpis-piranesi\/\",\"url\":\"https:\/\/kajza.si\/index.php\/2023\/09\/27\/objavljen-je-letosnji-razpis-piranesi\/\",\"name\":\"Objavljen je leto\u0161nji razpis Piranesi &#8226; Kaj\u017ea\",\"isPartOf\":{\"@id\":\"https:\/\/kajza.si\/#website\"},\"primaryImageOfPage\":{\"@id\":\"https:\/\/kajza.si\/index.php\/2023\/09\/27\/objavljen-je-letosnji-razpis-piranesi\/#primaryimage\"},\"image\":{\"@id\":\"https:\/\/kajza.si\/index.php\/2023\/09\/27\/objavljen-je-letosnji-razpis-piranesi\/#primaryimage\"},\"thumbnailUrl\":\"https:\/\/kajza.si\/wp-content\/uploads\/2023\/09\/2023-PDA_WEB-IMAGE-1-m.png\",\"datePublished\":\"2023-09-27T06:55:08+00:00\",\"dateModified\":\"2023-09-27T06:55:09+00:00\",\"author\":{\"@id\":\"https:\/\/kajza.si\/#\/schema\/person\/292bd7b1f2a1baf0ab069409789fa002\"},\"breadcrumb\":{\"@id\":\"https:\/\/kajza.si\/index.php\/2023\/09\/27\/objavljen-je-letosnji-razpis-piranesi\/#breadcrumb\"},\"inLanguage\":\"en-US\",\"potentialAction\":[{\"@type\":\"ReadAction\",\"target\":[\"https:\/\/kajza.si\/index.php\/2023\/09\/27\/objavljen-je-letosnji-razpis-piranesi\/\"]}]},{\"@type\":\"ImageObject\",\"inLanguage\":\"en-US\",\"@id\":\"https:\/\/kajza.si\/index.php\/2023\/09\/27\/objavljen-je-letosnji-razpis-piranesi\/#primaryimage\",\"url\":\"https:\/\/kajza.si\/wp-content\/uploads\/2023\/09\/2023-PDA_WEB-IMAGE-1-m.png\",\"contentUrl\":\"https:\/\/kajza.si\/wp-content\/uploads\/2023\/09\/2023-PDA_WEB-IMAGE-1-m.png\",\"width\":600,\"height\":600},{\"@type\":\"BreadcrumbList\",\"@id\":\"https:\/\/kajza.si\/index.php\/2023\/09\/27\/objavljen-je-letosnji-razpis-piranesi\/#breadcrumb\",\"itemListElement\":[{\"@type\":\"ListItem\",\"position\":1,\"name\":\"Home\",\"item\":\"https:\/\/kajza.si\/\"},{\"@type\":\"ListItem\",\"position\":2,\"name\":\"Objavljen je leto\u0161nji razpis Piranesi\"}]},{\"@type\":\"WebSite\",\"@id\":\"https:\/\/kajza.si\/#website\",\"url\":\"https:\/\/kajza.si\/\",\"name\":\"Kaj\u017ea\",\"description\":\"Sti\u010di\u0161\u010de za prenovo in trajnostno bivanje\",\"potentialAction\":[{\"@type\":\"SearchAction\",\"target\":{\"@type\":\"EntryPoint\",\"urlTemplate\":\"https:\/\/kajza.si\/?s={search_term_string}\"},\"query-input\":\"required name=search_term_string\"}],\"inLanguage\":\"en-US\"},{\"@type\":\"Person\",\"@id\":\"https:\/\/kajza.si\/#\/schema\/person\/292bd7b1f2a1baf0ab069409789fa002\",\"name\":\"admin\",\"image\":{\"@type\":\"ImageObject\",\"inLanguage\":\"en-US\",\"@id\":\"https:\/\/kajza.si\/#\/schema\/person\/image\/\",\"url\":\"https:\/\/secure.gravatar.com\/avatar\/1f52f1d930bd62b811131e235b6818a6?s=96&d=mm&r=g\",\"contentUrl\":\"https:\/\/secure.gravatar.com\/avatar\/1f52f1d930bd62b811131e235b6818a6?s=96&d=mm&r=g\",\"caption\":\"admin\"},\"sameAs\":[\"https:\/\/kajza.si\"],\"url\":\"https:\/\/kajza.si\/index.php\/author\/ajdaiam\/\"}]}<\/script>\n<!-- \/ Yoast SEO plugin. -->","yoast_head_json":{"title":"Objavljen je leto\u0161nji razpis Piranesi &#8226; Kaj\u017ea","robots":{"index":"index","follow":"follow","max-snippet":"max-snippet:-1","max-image-preview":"max-image-preview:large","max-video-preview":"max-video-preview:-1"},"canonical":"https:\/\/kajza.si\/index.php\/2023\/09\/27\/objavljen-je-letosnji-razpis-piranesi\/","og_locale":"en_US","og_type":"article","og_title":"Objavljen je leto\u0161nji razpis Piranesi &#8226; Kaj\u017ea","og_description":"Namen razpisa je izbor realiziranih arhitekturnih del, ki se bodo na mednarodni arhitekturni razstavi Piranesi, organizirani v sklopu Piranskih dnevov arhitekture, potegovali za nagrado in \u010dastna priznanja\u00a0Piranesi 2023.","og_url":"https:\/\/kajza.si\/index.php\/2023\/09\/27\/objavljen-je-letosnji-razpis-piranesi\/","og_site_name":"Kaj\u017ea","article_published_time":"2023-09-27T06:55:08+00:00","article_modified_time":"2023-09-27T06:55:09+00:00","og_image":[{"width":600,"height":600,"url":"https:\/\/kajza.si\/wp-content\/uploads\/2023\/09\/2023-PDA_WEB-IMAGE-1-m.png","type":"image\/png"}],"author":"admin","twitter_card":"summary_large_image","twitter_misc":{"Written by":"admin","Est. reading time":"1 minute"},"schema":{"@context":"https:\/\/schema.org","@graph":[{"@type":"WebPage","@id":"https:\/\/kajza.si\/index.php\/2023\/09\/27\/objavljen-je-letosnji-razpis-piranesi\/","url":"https:\/\/kajza.si\/index.php\/2023\/09\/27\/objavljen-je-letosnji-razpis-piranesi\/","name":"Objavljen je leto\u0161nji razpis Piranesi &#8226; Kaj\u017ea","isPartOf":{"@id":"https:\/\/kajza.si\/#website"},"primaryImageOfPage":{"@id":"https:\/\/kajza.si\/index.php\/2023\/09\/27\/objavljen-je-letosnji-razpis-piranesi\/#primaryimage"},"image":{"@id":"https:\/\/kajza.si\/index.php\/2023\/09\/27\/objavljen-je-letosnji-razpis-piranesi\/#primaryimage"},"thumbnailUrl":"https:\/\/kajza.si\/wp-content\/uploads\/2023\/09\/2023-PDA_WEB-IMAGE-1-m.png","datePublished":"2023-09-27T06:55:08+00:00","dateModified":"2023-09-27T06:55:09+00:00","author":{"@id":"https:\/\/kajza.si\/#\/schema\/person\/292bd7b1f2a1baf0ab069409789fa002"},"breadcrumb":{"@id":"https:\/\/kajza.si\/index.php\/2023\/09\/27\/objavljen-je-letosnji-razpis-piranesi\/#breadcrumb"},"inLanguage":"en-US","potentialAction":[{"@type":"ReadAction","target":["https:\/\/kajza.si\/index.php\/2023\/09\/27\/objavljen-je-letosnji-razpis-piranesi\/"]}]},{"@type":"ImageObject","inLanguage":"en-US","@id":"https:\/\/kajza.si\/index.php\/2023\/09\/27\/objavljen-je-letosnji-razpis-piranesi\/#primaryimage","url":"https:\/\/kajza.si\/wp-content\/uploads\/2023\/09\/2023-PDA_WEB-IMAGE-1-m.png","contentUrl":"https:\/\/kajza.si\/wp-content\/uploads\/2023\/09\/2023-PDA_WEB-IMAGE-1-m.png","width":600,"height":600},{"@type":"BreadcrumbList","@id":"https:\/\/kajza.si\/index.php\/2023\/09\/27\/objavljen-je-letosnji-razpis-piranesi\/#breadcrumb","itemListElement":[{"@type":"ListItem","position":1,"name":"Home","item":"https:\/\/kajza.si\/"},{"@type":"ListItem","position":2,"name":"Objavljen je leto\u0161nji razpis Piranesi"}]},{"@type":"WebSite","@id":"https:\/\/kajza.si\/#website","url":"https:\/\/kajza.si\/","name":"Kaj\u017ea","description":"Sti\u010di\u0161\u010de za prenovo in trajnostno bivanje","potentialAction":[{"@type":"SearchAction","target":{"@type":"EntryPoint","urlTemplate":"https:\/\/kajza.si\/?s={search_term_string}"},"query-input":"required name=search_term_string"}],"inLanguage":"en-US"},{"@type":"Person","@id":"https:\/\/kajza.si\/#\/schema\/person\/292bd7b1f2a1baf0ab069409789fa002","name":"admin","image":{"@type":"ImageObject","inLanguage":"en-US","@id":"https:\/\/kajza.si\/#\/schema\/person\/image\/","url":"https:\/\/secure.gravatar.com\/avatar\/1f52f1d930bd62b811131e235b6818a6?s=96&d=mm&r=g","contentUrl":"https:\/\/secure.gravatar.com\/avatar\/1f52f1d930bd62b811131e235b6818a6?s=96&d=mm&r=g","caption":"admin"},"sameAs":["https:\/\/kajza.si"],"url":"https:\/\/kajza.si\/index.php\/author\/ajdaiam\/"}]}},"author_meta":{"display_name":"admin","author_link":"https:\/\/kajza.si\/index.php\/author\/ajdaiam\/"},"featured_img":"https:\/\/kajza.si\/wp-content\/uploads\/2023\/09\/2023-PDA_WEB-IMAGE-1-m-300x300.png","coauthors":[],"tax_additional":{"categories":{"linked":["<a href=\"https:\/\/kajza.si\/index.php\/category\/arhitektura\/\" class=\"advgb-post-tax-term\">arhitektura<\/a>","<a href=\"https:\/\/kajza.si\/index.php\/category\/slovenija\/\" class=\"advgb-post-tax-term\">Slovenija<\/a>"],"unlinked":["<span class=\"advgb-post-tax-term\">arhitektura<\/span>","<span class=\"advgb-post-tax-term\">Slovenija<\/span>"]},"tags":{"linked":["<a href=\"https:\/\/kajza.si\/index.php\/category\/slovenija\/\" class=\"advgb-post-tax-term\">arhitektura<\/a>","<a href=\"https:\/\/kajza.si\/index.php\/category\/slovenija\/\" class=\"advgb-post-tax-term\">Piranski dnevi arhitekture<\/a>","<a href=\"https:\/\/kajza.si\/index.php\/category\/slovenija\/\" class=\"advgb-post-tax-term\">razpis<\/a>"],"unlinked":["<span class=\"advgb-post-tax-term\">arhitektura<\/span>","<span class=\"advgb-post-tax-term\">Piranski dnevi arhitekture<\/span>","<span class=\"advgb-post-tax-term\">razpis<\/span>"]}},"comment_count":"0","relative_dates":{"created":"Posted 3 years ago","modified":"Updated 3 years ago"},"absolute_dates":{"created":"Posted on September 27, 2023","modified":"Updated on September 27, 2023"},"absolute_dates_time":{"created":"Posted on September 27, 2023 6:55 am","modified":"Updated on September 27, 2023 6:55 am"},"featured_img_caption":"","series_order":"","_links":{"self":[{"href":"https:\/\/kajza.si\/index.php\/wp-json\/wp\/v2\/posts\/2822"}],"collection":[{"href":"https:\/\/kajza.si\/index.php\/wp-json\/wp\/v2\/posts"}],"about":[{"href":"https:\/\/kajza.si\/index.php\/wp-json\/wp\/v2\/types\/post"}],"author":[{"embeddable":true,"href":"https:\/\/kajza.si\/index.php\/wp-json\/wp\/v2\/users\/1"}],"replies":[{"embeddable":true,"href":"https:\/\/kajza.si\/index.php\/wp-json\/wp\/v2\/comments?post=2822"}],"version-history":[{"count":1,"href":"https:\/\/kajza.si\/index.php\/wp-json\/wp\/v2\/posts\/2822\/revisions"}],"predecessor-version":[{"id":2824,"href":"https:\/\/kajza.si\/index.php\/wp-json\/wp\/v2\/posts\/2822\/revisions\/2824"}],"wp:featuredmedia":[{"embeddable":true,"href":"https:\/\/kajza.si\/index.php\/wp-json\/wp\/v2\/media\/2823"}],"wp:attachment":[{"href":"https:\/\/kajza.si\/index.php\/wp-json\/wp\/v2\/media?parent=2822"}],"wp:term":[{"taxonomy":"category","embeddable":true,"href":"https:\/\/kajza.si\/index.php\/wp-json\/wp\/v2\/categories?post=2822"},{"taxonomy":"post_tag","embeddable":true,"href":"https:\/\/kajza.si\/index.php\/wp-json\/wp\/v2\/tags?post=2822"}],"curies":[{"name":"wp","href":"https:\/\/api.w.org\/{rel}","templated":true}]}}