{"id":2426,"date":"2023-03-28T18:38:09","date_gmt":"2023-03-28T18:38:09","guid":{"rendered":"https:\/\/kajza.si\/?p=2426"},"modified":"2023-03-28T18:40:03","modified_gmt":"2023-03-28T18:40:03","slug":"jan-simnovec-novi-trg","status":"publish","type":"post","link":"https:\/\/kajza.si\/index.php\/2023\/03\/28\/jan-simnovec-novi-trg\/","title":{"rendered":"Jan \u0160imnovec: Novi trg"},"content":{"rendered":"\n<div class=\"wp-block-advgb-columns advgb-columns-wrapper\" id=\"advgb-cols-3ec98f63-2364-46c9-96e2-e7fbb8e5612b\"><div class=\"advgb-columns-container\"><div class=\"advgb-columns advgb-columns-row advgb-is-mobile advgb-columns-2 layout-45-15 mbl-layout-stacked vgutter-10\">\n<div class=\"wp-block-advgb-column advgb-column advgb-is-four-fifths-tablet advgb-is-full-mobile\" id=\"advgb-col-fa9fb7fa-5b3c-489f-a9c5-0e8cfdcb84a7\"><div class=\"advgb-column-inner\" style=\"border-style:none;border-width:1px\">\n<h2 class=\"has-text-align-center wp-block-heading\">Jan \u0160imnovec: Novi trg<\/h2>\n\n\n\n<p class=\"has-text-align-center has-small-font-size\">torek, 28. marec 2023<\/p>\n\n\n\n<p>Gru\u010da kme\u010dkih domov ob vzno\u017eju hriba pod Starim gradom pri Kamniku se je neko\u010d imenovala Novi forum, danes pa je poznana kot Novi trg. V eni izmed tamkaj\u0161njih doma\u010dij je arhitekt Jan \u0160imnovec prenovil stanovanje, polno ob\u010dutljivosti in spo\u0161tovanja do zgodovine.<\/p>\n\n\n\n<figure class=\"wp-block-image size-large\"><img decoding=\"async\" loading=\"lazy\" width=\"1024\" height=\"683\" src=\"https:\/\/kajza.si\/wp-content\/uploads\/2023\/03\/1-1024x683.jpeg\" alt=\"\" class=\"wp-image-2427\" srcset=\"https:\/\/kajza.si\/wp-content\/uploads\/2023\/03\/1-1024x683.jpeg 1024w, https:\/\/kajza.si\/wp-content\/uploads\/2023\/03\/1-300x200.jpeg 300w, https:\/\/kajza.si\/wp-content\/uploads\/2023\/03\/1-768x512.jpeg 768w, https:\/\/kajza.si\/wp-content\/uploads\/2023\/03\/1-1536x1025.jpeg 1536w, https:\/\/kajza.si\/wp-content\/uploads\/2023\/03\/1-2048x1366.jpeg 2048w\" sizes=\"(max-width: 1024px) 100vw, 1024px\" \/><\/figure>\n\n\n\n<figure class=\"wp-block-image size-large\"><img decoding=\"async\" loading=\"lazy\" width=\"683\" height=\"1024\" src=\"https:\/\/kajza.si\/wp-content\/uploads\/2023\/03\/3-683x1024.jpeg\" alt=\"\" class=\"wp-image-2429\" srcset=\"https:\/\/kajza.si\/wp-content\/uploads\/2023\/03\/3-683x1024.jpeg 683w, https:\/\/kajza.si\/wp-content\/uploads\/2023\/03\/3-200x300.jpeg 200w, https:\/\/kajza.si\/wp-content\/uploads\/2023\/03\/3-768x1152.jpeg 768w, https:\/\/kajza.si\/wp-content\/uploads\/2023\/03\/3-1024x1536.jpeg 1024w, https:\/\/kajza.si\/wp-content\/uploads\/2023\/03\/3-1366x2048.jpeg 1366w, https:\/\/kajza.si\/wp-content\/uploads\/2023\/03\/3-scaled.jpeg 1707w\" sizes=\"(max-width: 683px) 100vw, 683px\" \/><\/figure>\n\n\n\n<figure class=\"wp-block-image size-large\"><img decoding=\"async\" loading=\"lazy\" width=\"1024\" height=\"683\" src=\"https:\/\/kajza.si\/wp-content\/uploads\/2023\/03\/4-1024x683.jpg\" alt=\"\" class=\"wp-image-2430\" srcset=\"https:\/\/kajza.si\/wp-content\/uploads\/2023\/03\/4-1024x683.jpg 1024w, https:\/\/kajza.si\/wp-content\/uploads\/2023\/03\/4-300x200.jpg 300w, https:\/\/kajza.si\/wp-content\/uploads\/2023\/03\/4-768x512.jpg 768w, https:\/\/kajza.si\/wp-content\/uploads\/2023\/03\/4-1536x1025.jpg 1536w, https:\/\/kajza.si\/wp-content\/uploads\/2023\/03\/4-2048x1366.jpg 2048w\" sizes=\"(max-width: 1024px) 100vw, 1024px\" \/><\/figure>\n\n\n\n<figure class=\"wp-block-image size-large\"><img decoding=\"async\" loading=\"lazy\" width=\"683\" height=\"1024\" src=\"https:\/\/kajza.si\/wp-content\/uploads\/2023\/03\/5-683x1024.jpeg\" alt=\"\" class=\"wp-image-2431\" srcset=\"https:\/\/kajza.si\/wp-content\/uploads\/2023\/03\/5-683x1024.jpeg 683w, https:\/\/kajza.si\/wp-content\/uploads\/2023\/03\/5-200x300.jpeg 200w, https:\/\/kajza.si\/wp-content\/uploads\/2023\/03\/5-768x1152.jpeg 768w, https:\/\/kajza.si\/wp-content\/uploads\/2023\/03\/5-1024x1536.jpeg 1024w, https:\/\/kajza.si\/wp-content\/uploads\/2023\/03\/5-1366x2048.jpeg 1366w, https:\/\/kajza.si\/wp-content\/uploads\/2023\/03\/5-scaled.jpeg 1707w\" sizes=\"(max-width: 683px) 100vw, 683px\" \/><\/figure>\n\n\n\n<figure class=\"wp-block-image size-large\"><img decoding=\"async\" loading=\"lazy\" width=\"1024\" height=\"683\" src=\"https:\/\/kajza.si\/wp-content\/uploads\/2023\/03\/6-1024x683.jpeg\" alt=\"\" class=\"wp-image-2433\" srcset=\"https:\/\/kajza.si\/wp-content\/uploads\/2023\/03\/6-1024x683.jpeg 1024w, https:\/\/kajza.si\/wp-content\/uploads\/2023\/03\/6-300x200.jpeg 300w, https:\/\/kajza.si\/wp-content\/uploads\/2023\/03\/6-768x512.jpeg 768w, https:\/\/kajza.si\/wp-content\/uploads\/2023\/03\/6-1536x1025.jpeg 1536w, https:\/\/kajza.si\/wp-content\/uploads\/2023\/03\/6-2048x1366.jpeg 2048w\" sizes=\"(max-width: 1024px) 100vw, 1024px\" \/><\/figure>\n\n\n\n<figure class=\"wp-block-image size-full\"><img decoding=\"async\" loading=\"lazy\" width=\"2560\" height=\"1708\" src=\"https:\/\/kajza.si\/wp-content\/uploads\/2023\/03\/7-scaled.jpeg\" alt=\"\" class=\"wp-image-2435\" srcset=\"https:\/\/kajza.si\/wp-content\/uploads\/2023\/03\/7-scaled.jpeg 2560w, https:\/\/kajza.si\/wp-content\/uploads\/2023\/03\/7-300x200.jpeg 300w, https:\/\/kajza.si\/wp-content\/uploads\/2023\/03\/7-1024x683.jpeg 1024w, https:\/\/kajza.si\/wp-content\/uploads\/2023\/03\/7-768x512.jpeg 768w, https:\/\/kajza.si\/wp-content\/uploads\/2023\/03\/7-1536x1025.jpeg 1536w, https:\/\/kajza.si\/wp-content\/uploads\/2023\/03\/7-2048x1366.jpeg 2048w\" sizes=\"(max-width: 2560px) 100vw, 2560px\" \/><\/figure>\n\n\n\n<p>\u0160tevilne preobrazbe ve\u010d sto let stare doma\u010dije dru\u017eine Benkovi\u010d \u2013 skozi leta je bila ta kamnose\u0161ka delavnica, v njej je potekala proizvodnja lepila, slu\u017eila pa je tudi kot \u017eaga za predelavo lesa \u2013 so se nedavno iztekle \u0161e v eno nadaljevanje. V stavbi doma\u010dije je za\u017eivel nov dom, poln predmetov, ki opominjajo na zgodbe in vsakodnevno \u017eivljenje preteklih prebivalcev. Poleg bivalne stavbe doma\u010dijo sestavljajo \u0161e delavnica, skedenj in hlev, v katerih so, pove arhitekt, \u0161tevilna orodja in drugi predmeti \u010dakali kot &#8216;v \u010dasovni kapsuli&#8217;. Potrebno je bilo razumevanje lastnika in iznajdljivost arhitekta, da so se ti sijajni ostanki preteklosti danes zna\u0161li v novi vlogi. Prepletanje iz\u010di\u0161\u010dene sedanjosti in slikovite davnine ustvarjajo sijajen ambient, poln poudarkov in zgodb, ki jih pripoveduje arhitektura.<\/p>\n\n\n\n<figure class=\"wp-block-image size-full\"><img decoding=\"async\" loading=\"lazy\" width=\"2560\" height=\"1920\" src=\"https:\/\/kajza.si\/wp-content\/uploads\/2023\/03\/IMG_3388-scaled.jpeg\" alt=\"\" class=\"wp-image-2432\" srcset=\"https:\/\/kajza.si\/wp-content\/uploads\/2023\/03\/IMG_3388-scaled.jpeg 2560w, https:\/\/kajza.si\/wp-content\/uploads\/2023\/03\/IMG_3388-300x225.jpeg 300w, https:\/\/kajza.si\/wp-content\/uploads\/2023\/03\/IMG_3388-1024x768.jpeg 1024w, https:\/\/kajza.si\/wp-content\/uploads\/2023\/03\/IMG_3388-768x576.jpeg 768w, https:\/\/kajza.si\/wp-content\/uploads\/2023\/03\/IMG_3388-1536x1152.jpeg 1536w, https:\/\/kajza.si\/wp-content\/uploads\/2023\/03\/IMG_3388-2048x1536.jpeg 2048w\" sizes=\"(max-width: 2560px) 100vw, 2560px\" \/><\/figure>\n\n\n\n<figure class=\"wp-block-image size-full\"><img decoding=\"async\" src=\"https:\/\/kajza.si\/wp-content\/uploads\/2023\/03\/IMG_3389-2.jpeg\" alt=\"\" class=\"wp-image-2434\"\/><\/figure>\n\n\n\n<figure class=\"wp-block-image size-full\"><img decoding=\"async\" loading=\"lazy\" width=\"677\" height=\"903\" src=\"https:\/\/kajza.si\/wp-content\/uploads\/2023\/03\/IMG_3884-2.jpg\" alt=\"\" class=\"wp-image-2436\" srcset=\"https:\/\/kajza.si\/wp-content\/uploads\/2023\/03\/IMG_3884-2.jpg 677w, https:\/\/kajza.si\/wp-content\/uploads\/2023\/03\/IMG_3884-2-225x300.jpg 225w\" sizes=\"(max-width: 677px) 100vw, 677px\" \/><\/figure>\n\n\n\n<p>Ob prihodu takoj opazimo vhodni portal z lesenimi vrati, ki so jih tako lastniki kot arhitekt \u017eeleli obdr\u017eati in za\u0161\u010dititi. Da bi izbolj\u0161ali toplotno izolativnost, so zato takoj za portalom vzpostavili sekundarni vetrolov. Stene iz kamna in opeke, pa tudi ope\u010dne oboke, so v sklopu prenove o\u010distili in znova ometali \u2013 a vse po starem, s prepustnim apnenim ometom, ki konstrukciji omogo\u010da dihanje. Obokan hodnik je postal prostor spomina na pretekle prebivalce hi\u0161e, majhen kraj refleksije in optimisti\u010dnega pogleda v prihodnost. Spu\u0161\u010den strop iz lesenih letev so obdr\u017eali, ga popravili in tudi ometali z apnom, kme\u010dki pod pa nadomestili s parketom, pod katerega je danes vgrajeno talno gretje. Nekdaj se je vse vrtelo okoli kru\u0161ne pe\u010di \u2013 in se \u0161e danes, saj ta ostaja osrednja to\u010dka bivalnih prostorov. Lo\u010dene prostore preteklosti so povezali z dolgo mizo, ki danes slu\u017ei dru\u017eenju ob skupnem kuhanju in slastnih obrokih.<\/p>\n\n\n\n<figure class=\"wp-block-image size-large\"><img decoding=\"async\" loading=\"lazy\" width=\"1024\" height=\"724\" src=\"https:\/\/kajza.si\/wp-content\/uploads\/2023\/03\/Tloris_obstojec\u2560ie_Novi-Trg-1024x724.jpg\" alt=\"\" class=\"wp-image-2438\" srcset=\"https:\/\/kajza.si\/wp-content\/uploads\/2023\/03\/Tloris_obstojec\u2560ie_Novi-Trg-1024x724.jpg 1024w, https:\/\/kajza.si\/wp-content\/uploads\/2023\/03\/Tloris_obstojec\u2560ie_Novi-Trg-300x212.jpg 300w, https:\/\/kajza.si\/wp-content\/uploads\/2023\/03\/Tloris_obstojec\u2560ie_Novi-Trg-768x543.jpg 768w, https:\/\/kajza.si\/wp-content\/uploads\/2023\/03\/Tloris_obstojec\u2560ie_Novi-Trg-1536x1086.jpg 1536w, https:\/\/kajza.si\/wp-content\/uploads\/2023\/03\/Tloris_obstojec\u2560ie_Novi-Trg-2048x1448.jpg 2048w\" sizes=\"(max-width: 1024px) 100vw, 1024px\" \/><figcaption>Obstoje\u010di tloris<\/figcaption><\/figure>\n\n\n\n<figure class=\"wp-block-image size-large\"><img decoding=\"async\" loading=\"lazy\" width=\"1024\" height=\"723\" src=\"https:\/\/kajza.si\/wp-content\/uploads\/2023\/03\/Tloris_prenova_Novi-Trg-1024x723.jpg\" alt=\"\" class=\"wp-image-2439\" srcset=\"https:\/\/kajza.si\/wp-content\/uploads\/2023\/03\/Tloris_prenova_Novi-Trg-1024x723.jpg 1024w, https:\/\/kajza.si\/wp-content\/uploads\/2023\/03\/Tloris_prenova_Novi-Trg-300x212.jpg 300w, https:\/\/kajza.si\/wp-content\/uploads\/2023\/03\/Tloris_prenova_Novi-Trg-768x542.jpg 768w, https:\/\/kajza.si\/wp-content\/uploads\/2023\/03\/Tloris_prenova_Novi-Trg-1536x1085.jpg 1536w, https:\/\/kajza.si\/wp-content\/uploads\/2023\/03\/Tloris_prenova_Novi-Trg-2048x1446.jpg 2048w\" sizes=\"(max-width: 1024px) 100vw, 1024px\" \/><figcaption>Tloris po prenovi<\/figcaption><\/figure>\n\n\n\n<p class=\"has-small-font-size\">Ime projekta: Novi trg<\/p>\n\n\n\n<p class=\"has-small-font-size\">Avtor projekta: Jan \u0160imnovec<\/p>\n\n\n\n<p class=\"has-small-font-size\">Investitor: Jure Benkovi\u010d<\/p>\n\n\n\n<p class=\"has-small-font-size\">Lokacija: Kamnik<\/p>\n\n\n\n<p class=\"has-small-font-size\">Leto izvedbe: 2022<\/p>\n\n\n\n<p class=\"has-small-font-size\">Povr\u0161ine skupaj: 94 m\u00b2 neto<\/p>\n\n\n\n<p class=\"has-small-font-size\">Avtor prvotnega poslopja: Janez Benkovi\u010d<\/p>\n\n\n\n<p class=\"has-small-font-size\">Svetovanje pri prenovi: Du\u0161an \u0160kraba (Roefix)<\/p>\n\n\n\n<p class=\"has-small-font-size\">Izvajalci: Mizarstvo Maks Petek<\/p>\n\n\n\n<p class=\"has-small-font-size\">Parketarstvo Ale\u0161 Bratov\u017e<\/p>\n\n\n\n<p class=\"has-small-font-size\">Dobavitelj gradbenih materialov: Roefix gradbeni materiali<\/p>\n\n\n\n<div style=\"height:100px\" aria-hidden=\"true\" class=\"wp-block-spacer\"><\/div>\n\n\n<div class=\"vlp-link-container vlp-template-default wp-block-visual-link-preview-link\">\n\t<a href=\"https:\/\/kajza.si\/index.php\/2022\/06\/14\/mateja-panter-hisa-1797\/\" class=\"vlp-link\" title=\"Mateja Panter: Hi\u0161a 1797\"><\/a>\t\t<div class=\"vlp-link-image-container\">\n\t\t<div class=\"vlp-link-image\">\n\t\t\t<img loading=\"lazy\" style=\"max-width: 200px;\" width=\"200\" height=\"133\" src=\"https:\/\/kajza.si\/wp-content\/uploads\/2022\/06\/KAM5769-2205-scaled.jpg\" class=\"attachment-200x200 size-200x200\" alt=\"\" decoding=\"async\" srcset=\"https:\/\/kajza.si\/wp-content\/uploads\/2022\/06\/KAM5769-2205-scaled.jpg 2560w, https:\/\/kajza.si\/wp-content\/uploads\/2022\/06\/KAM5769-2205-300x200.jpg 300w, https:\/\/kajza.si\/wp-content\/uploads\/2022\/06\/KAM5769-2205-1024x681.jpg 1024w, https:\/\/kajza.si\/wp-content\/uploads\/2022\/06\/KAM5769-2205-768x511.jpg 768w, https:\/\/kajza.si\/wp-content\/uploads\/2022\/06\/KAM5769-2205-1536x1022.jpg 1536w, https:\/\/kajza.si\/wp-content\/uploads\/2022\/06\/KAM5769-2205-2048x1363.jpg 2048w\" sizes=\"(max-width: 200px) 100vw, 200px\" \/>\t\t<\/div>\n\t<\/div>\n\t\t<div class=\"vlp-link-text-container\">\n\t\t\t\t<div class=\"vlp-link-title\">\n\t\t\tMateja Panter: Hi\u0161a 1797\t\t<\/div>\n\t\t\t\t\t\t<div class=\"vlp-link-summary\">\n\t\t\tOb obdelavi stare hi\u0161e v za\u0161\u010ditenem sredi\u0161\u010du naselja Dob je arhitektka Mateja Panter stopila v vlogo naro\u010dnice in na\u010drtovalke hkrati. Rezultat je odli\u010dna prenova tradicionalne stanovanjske hi\u0161e, ki jo je pred tem ve\u010dina okoli\u0161kih prebivalcev \u017ee odpisala.\t\t<\/div>\n\t\t\t<\/div>\n<\/div>\n\n\n\n<div style=\"height:100px\" aria-hidden=\"true\" class=\"wp-block-spacer\"><\/div>\n<\/div><\/div>\n\n\n\n<div class=\"wp-block-advgb-column advgb-column advgb-is-one-fifth-tablet advgb-is-full-mobile\" id=\"advgb-col-e4276065-a1b6-4b14-aa1b-f261eca9f4bc\"><div class=\"advgb-column-inner\" style=\"border-style:none;border-width:1px\"><\/div><\/div>\n<\/div><\/div><\/div>\n<style class=\"advgb-styles-renderer\">#advgb-cols-3ec98f63-2364-46c9-96e2-e7fbb8e5612b{}@media screen and (max-width: 1023px) {#advgb-cols-3ec98f63-2364-46c9-96e2-e7fbb8e5612b{}}@media screen and (max-width: 767px) {#advgb-cols-3ec98f63-2364-46c9-96e2-e7fbb8e5612b{}}#advgb-col-fa9fb7fa-5b3c-489f-a9c5-0e8cfdcb84a7>.advgb-column-inner{}@media screen and (max-width: 1023px) {#advgb-col-fa9fb7fa-5b3c-489f-a9c5-0e8cfdcb84a7>.advgb-column-inner{}}@media screen and (max-width: 767px) {#advgb-col-fa9fb7fa-5b3c-489f-a9c5-0e8cfdcb84a7>.advgb-column-inner{}}#advgb-col-e4276065-a1b6-4b14-aa1b-f261eca9f4bc>.advgb-column-inner{}@media screen and (max-width: 1023px) {#advgb-col-e4276065-a1b6-4b14-aa1b-f261eca9f4bc>.advgb-column-inner{}}@media screen and (max-width: 767px) {#advgb-col-e4276065-a1b6-4b14-aa1b-f261eca9f4bc>.advgb-column-inner{}}<\/style>","protected":false},"excerpt":{"rendered":"<p>Prenova stanovanja v ve\u010d sto let stari doma\u010diji dru\u017eine Benkovi\u010d v gru\u010di kme\u010dkih domov pod hribom pri Starem gradu.<\/p>\n<span class=\"archive-read-more\"><a href=\"https:\/\/kajza.si\/index.php\/2023\/03\/28\/jan-simnovec-novi-trg\/\">Preberite ve\u010d ...<\/a><\/span>","protected":false},"author":1,"featured_media":2428,"comment_status":"closed","ping_status":"open","sticky":false,"template":"","format":"standard","meta":{"advgb_blocks_editor_width":"","advgb_blocks_columns_visual_guide":"","footnotes":""},"categories":[4,3,19],"tags":[54,510,514,511,48,513,512],"yoast_head":"<!-- This site is optimized with the Yoast SEO plugin v22.6 - https:\/\/yoast.com\/wordpress\/plugins\/seo\/ -->\n<title>Jan \u0160imnovec: Novi trg &#8226; Kaj\u017ea<\/title>\n<meta name=\"robots\" content=\"index, follow, max-snippet:-1, max-image-preview:large, max-video-preview:-1\" \/>\n<link rel=\"canonical\" href=\"https:\/\/kajza.si\/index.php\/2023\/03\/28\/jan-simnovec-novi-trg\/\" \/>\n<meta property=\"og:locale\" content=\"en_US\" \/>\n<meta property=\"og:type\" content=\"article\" \/>\n<meta property=\"og:title\" content=\"Jan \u0160imnovec: Novi trg &#8226; Kaj\u017ea\" \/>\n<meta property=\"og:description\" content=\"Prenova stanovanja v ve\u010d sto let stari doma\u010diji dru\u017eine Benkovi\u010d v gru\u010di kme\u010dkih domov pod hribom pri Starem gradu.\" \/>\n<meta property=\"og:url\" content=\"https:\/\/kajza.si\/index.php\/2023\/03\/28\/jan-simnovec-novi-trg\/\" \/>\n<meta property=\"og:site_name\" content=\"Kaj\u017ea\" \/>\n<meta property=\"article:published_time\" content=\"2023-03-28T18:38:09+00:00\" \/>\n<meta property=\"article:modified_time\" content=\"2023-03-28T18:40:03+00:00\" \/>\n<meta property=\"og:image\" content=\"https:\/\/kajza.si\/wp-content\/uploads\/2023\/03\/2-scaled.jpeg\" \/>\n\t<meta property=\"og:image:width\" content=\"2560\" \/>\n\t<meta property=\"og:image:height\" content=\"1707\" \/>\n\t<meta property=\"og:image:type\" content=\"image\/jpeg\" \/>\n<meta name=\"author\" content=\"admin\" \/>\n<meta name=\"twitter:card\" content=\"summary_large_image\" \/>\n<meta name=\"twitter:label1\" content=\"Written by\" \/>\n\t<meta name=\"twitter:data1\" content=\"admin\" \/>\n\t<meta name=\"twitter:label2\" content=\"Est. reading time\" \/>\n\t<meta name=\"twitter:data2\" content=\"5 minutes\" \/>\n<script type=\"application\/ld+json\" class=\"yoast-schema-graph\">{\"@context\":\"https:\/\/schema.org\",\"@graph\":[{\"@type\":\"WebPage\",\"@id\":\"https:\/\/kajza.si\/index.php\/2023\/03\/28\/jan-simnovec-novi-trg\/\",\"url\":\"https:\/\/kajza.si\/index.php\/2023\/03\/28\/jan-simnovec-novi-trg\/\",\"name\":\"Jan \u0160imnovec: Novi trg &#8226; Kaj\u017ea\",\"isPartOf\":{\"@id\":\"https:\/\/kajza.si\/#website\"},\"primaryImageOfPage\":{\"@id\":\"https:\/\/kajza.si\/index.php\/2023\/03\/28\/jan-simnovec-novi-trg\/#primaryimage\"},\"image\":{\"@id\":\"https:\/\/kajza.si\/index.php\/2023\/03\/28\/jan-simnovec-novi-trg\/#primaryimage\"},\"thumbnailUrl\":\"https:\/\/kajza.si\/wp-content\/uploads\/2023\/03\/2-scaled.jpeg\",\"datePublished\":\"2023-03-28T18:38:09+00:00\",\"dateModified\":\"2023-03-28T18:40:03+00:00\",\"author\":{\"@id\":\"https:\/\/kajza.si\/#\/schema\/person\/292bd7b1f2a1baf0ab069409789fa002\"},\"breadcrumb\":{\"@id\":\"https:\/\/kajza.si\/index.php\/2023\/03\/28\/jan-simnovec-novi-trg\/#breadcrumb\"},\"inLanguage\":\"en-US\",\"potentialAction\":[{\"@type\":\"ReadAction\",\"target\":[\"https:\/\/kajza.si\/index.php\/2023\/03\/28\/jan-simnovec-novi-trg\/\"]}]},{\"@type\":\"ImageObject\",\"inLanguage\":\"en-US\",\"@id\":\"https:\/\/kajza.si\/index.php\/2023\/03\/28\/jan-simnovec-novi-trg\/#primaryimage\",\"url\":\"https:\/\/kajza.si\/wp-content\/uploads\/2023\/03\/2-scaled.jpeg\",\"contentUrl\":\"https:\/\/kajza.si\/wp-content\/uploads\/2023\/03\/2-scaled.jpeg\",\"width\":2560,\"height\":1707},{\"@type\":\"BreadcrumbList\",\"@id\":\"https:\/\/kajza.si\/index.php\/2023\/03\/28\/jan-simnovec-novi-trg\/#breadcrumb\",\"itemListElement\":[{\"@type\":\"ListItem\",\"position\":1,\"name\":\"Home\",\"item\":\"https:\/\/kajza.si\/\"},{\"@type\":\"ListItem\",\"position\":2,\"name\":\"Jan \u0160imnovec: Novi trg\"}]},{\"@type\":\"WebSite\",\"@id\":\"https:\/\/kajza.si\/#website\",\"url\":\"https:\/\/kajza.si\/\",\"name\":\"Kaj\u017ea\",\"description\":\"Sti\u010di\u0161\u010de za prenovo in trajnostno bivanje\",\"potentialAction\":[{\"@type\":\"SearchAction\",\"target\":{\"@type\":\"EntryPoint\",\"urlTemplate\":\"https:\/\/kajza.si\/?s={search_term_string}\"},\"query-input\":\"required name=search_term_string\"}],\"inLanguage\":\"en-US\"},{\"@type\":\"Person\",\"@id\":\"https:\/\/kajza.si\/#\/schema\/person\/292bd7b1f2a1baf0ab069409789fa002\",\"name\":\"admin\",\"image\":{\"@type\":\"ImageObject\",\"inLanguage\":\"en-US\",\"@id\":\"https:\/\/kajza.si\/#\/schema\/person\/image\/\",\"url\":\"https:\/\/secure.gravatar.com\/avatar\/1f52f1d930bd62b811131e235b6818a6?s=96&d=mm&r=g\",\"contentUrl\":\"https:\/\/secure.gravatar.com\/avatar\/1f52f1d930bd62b811131e235b6818a6?s=96&d=mm&r=g\",\"caption\":\"admin\"},\"sameAs\":[\"https:\/\/kajza.si\"],\"url\":\"https:\/\/kajza.si\/index.php\/author\/ajdaiam\/\"}]}<\/script>\n<!-- \/ Yoast SEO plugin. -->","yoast_head_json":{"title":"Jan \u0160imnovec: Novi trg &#8226; Kaj\u017ea","robots":{"index":"index","follow":"follow","max-snippet":"max-snippet:-1","max-image-preview":"max-image-preview:large","max-video-preview":"max-video-preview:-1"},"canonical":"https:\/\/kajza.si\/index.php\/2023\/03\/28\/jan-simnovec-novi-trg\/","og_locale":"en_US","og_type":"article","og_title":"Jan \u0160imnovec: Novi trg &#8226; Kaj\u017ea","og_description":"Prenova stanovanja v ve\u010d sto let stari doma\u010diji dru\u017eine Benkovi\u010d v gru\u010di kme\u010dkih domov pod hribom pri Starem gradu.","og_url":"https:\/\/kajza.si\/index.php\/2023\/03\/28\/jan-simnovec-novi-trg\/","og_site_name":"Kaj\u017ea","article_published_time":"2023-03-28T18:38:09+00:00","article_modified_time":"2023-03-28T18:40:03+00:00","og_image":[{"width":2560,"height":1707,"url":"https:\/\/kajza.si\/wp-content\/uploads\/2023\/03\/2-scaled.jpeg","type":"image\/jpeg"}],"author":"admin","twitter_card":"summary_large_image","twitter_misc":{"Written by":"admin","Est. reading time":"5 minutes"},"schema":{"@context":"https:\/\/schema.org","@graph":[{"@type":"WebPage","@id":"https:\/\/kajza.si\/index.php\/2023\/03\/28\/jan-simnovec-novi-trg\/","url":"https:\/\/kajza.si\/index.php\/2023\/03\/28\/jan-simnovec-novi-trg\/","name":"Jan \u0160imnovec: Novi trg &#8226; Kaj\u017ea","isPartOf":{"@id":"https:\/\/kajza.si\/#website"},"primaryImageOfPage":{"@id":"https:\/\/kajza.si\/index.php\/2023\/03\/28\/jan-simnovec-novi-trg\/#primaryimage"},"image":{"@id":"https:\/\/kajza.si\/index.php\/2023\/03\/28\/jan-simnovec-novi-trg\/#primaryimage"},"thumbnailUrl":"https:\/\/kajza.si\/wp-content\/uploads\/2023\/03\/2-scaled.jpeg","datePublished":"2023-03-28T18:38:09+00:00","dateModified":"2023-03-28T18:40:03+00:00","author":{"@id":"https:\/\/kajza.si\/#\/schema\/person\/292bd7b1f2a1baf0ab069409789fa002"},"breadcrumb":{"@id":"https:\/\/kajza.si\/index.php\/2023\/03\/28\/jan-simnovec-novi-trg\/#breadcrumb"},"inLanguage":"en-US","potentialAction":[{"@type":"ReadAction","target":["https:\/\/kajza.si\/index.php\/2023\/03\/28\/jan-simnovec-novi-trg\/"]}]},{"@type":"ImageObject","inLanguage":"en-US","@id":"https:\/\/kajza.si\/index.php\/2023\/03\/28\/jan-simnovec-novi-trg\/#primaryimage","url":"https:\/\/kajza.si\/wp-content\/uploads\/2023\/03\/2-scaled.jpeg","contentUrl":"https:\/\/kajza.si\/wp-content\/uploads\/2023\/03\/2-scaled.jpeg","width":2560,"height":1707},{"@type":"BreadcrumbList","@id":"https:\/\/kajza.si\/index.php\/2023\/03\/28\/jan-simnovec-novi-trg\/#breadcrumb","itemListElement":[{"@type":"ListItem","position":1,"name":"Home","item":"https:\/\/kajza.si\/"},{"@type":"ListItem","position":2,"name":"Jan \u0160imnovec: Novi trg"}]},{"@type":"WebSite","@id":"https:\/\/kajza.si\/#website","url":"https:\/\/kajza.si\/","name":"Kaj\u017ea","description":"Sti\u010di\u0161\u010de za prenovo in trajnostno bivanje","potentialAction":[{"@type":"SearchAction","target":{"@type":"EntryPoint","urlTemplate":"https:\/\/kajza.si\/?s={search_term_string}"},"query-input":"required name=search_term_string"}],"inLanguage":"en-US"},{"@type":"Person","@id":"https:\/\/kajza.si\/#\/schema\/person\/292bd7b1f2a1baf0ab069409789fa002","name":"admin","image":{"@type":"ImageObject","inLanguage":"en-US","@id":"https:\/\/kajza.si\/#\/schema\/person\/image\/","url":"https:\/\/secure.gravatar.com\/avatar\/1f52f1d930bd62b811131e235b6818a6?s=96&d=mm&r=g","contentUrl":"https:\/\/secure.gravatar.com\/avatar\/1f52f1d930bd62b811131e235b6818a6?s=96&d=mm&r=g","caption":"admin"},"sameAs":["https:\/\/kajza.si"],"url":"https:\/\/kajza.si\/index.php\/author\/ajdaiam\/"}]}},"author_meta":{"display_name":"admin","author_link":"https:\/\/kajza.si\/index.php\/author\/ajdaiam\/"},"featured_img":"https:\/\/kajza.si\/wp-content\/uploads\/2023\/03\/2-300x200.jpeg","coauthors":[],"tax_additional":{"categories":{"linked":["<a href=\"https:\/\/kajza.si\/index.php\/category\/arhitektura\/\" class=\"advgb-post-tax-term\">arhitektura<\/a>","<a href=\"https:\/\/kajza.si\/index.php\/category\/prenova\/\" class=\"advgb-post-tax-term\">prenova<\/a>","<a href=\"https:\/\/kajza.si\/index.php\/category\/slovenija\/\" class=\"advgb-post-tax-term\">Slovenija<\/a>"],"unlinked":["<span class=\"advgb-post-tax-term\">arhitektura<\/span>","<span class=\"advgb-post-tax-term\">prenova<\/span>","<span class=\"advgb-post-tax-term\">Slovenija<\/span>"]},"tags":{"linked":["<a href=\"https:\/\/kajza.si\/index.php\/category\/slovenija\/\" class=\"advgb-post-tax-term\">arhitektura<\/a>","<a href=\"https:\/\/kajza.si\/index.php\/category\/slovenija\/\" class=\"advgb-post-tax-term\">Jan \u0160imnovec<\/a>","<a href=\"https:\/\/kajza.si\/index.php\/category\/slovenija\/\" class=\"advgb-post-tax-term\">Kamnik<\/a>","<a href=\"https:\/\/kajza.si\/index.php\/category\/slovenija\/\" class=\"advgb-post-tax-term\">Novi trg<\/a>","<a href=\"https:\/\/kajza.si\/index.php\/category\/slovenija\/\" class=\"advgb-post-tax-term\">prenova<\/a>","<a href=\"https:\/\/kajza.si\/index.php\/category\/slovenija\/\" class=\"advgb-post-tax-term\">prenova doma\u010dije<\/a>","<a href=\"https:\/\/kajza.si\/index.php\/category\/slovenija\/\" class=\"advgb-post-tax-term\">Roefix<\/a>"],"unlinked":["<span class=\"advgb-post-tax-term\">arhitektura<\/span>","<span class=\"advgb-post-tax-term\">Jan \u0160imnovec<\/span>","<span class=\"advgb-post-tax-term\">Kamnik<\/span>","<span class=\"advgb-post-tax-term\">Novi trg<\/span>","<span class=\"advgb-post-tax-term\">prenova<\/span>","<span class=\"advgb-post-tax-term\">prenova doma\u010dije<\/span>","<span class=\"advgb-post-tax-term\">Roefix<\/span>"]}},"comment_count":"0","relative_dates":{"created":"Posted 3 years ago","modified":"Updated 3 years ago"},"absolute_dates":{"created":"Posted on March 28, 2023","modified":"Updated on March 28, 2023"},"absolute_dates_time":{"created":"Posted on March 28, 2023 6:38 pm","modified":"Updated on March 28, 2023 6:40 pm"},"featured_img_caption":"","series_order":"","_links":{"self":[{"href":"https:\/\/kajza.si\/index.php\/wp-json\/wp\/v2\/posts\/2426"}],"collection":[{"href":"https:\/\/kajza.si\/index.php\/wp-json\/wp\/v2\/posts"}],"about":[{"href":"https:\/\/kajza.si\/index.php\/wp-json\/wp\/v2\/types\/post"}],"author":[{"embeddable":true,"href":"https:\/\/kajza.si\/index.php\/wp-json\/wp\/v2\/users\/1"}],"replies":[{"embeddable":true,"href":"https:\/\/kajza.si\/index.php\/wp-json\/wp\/v2\/comments?post=2426"}],"version-history":[{"count":2,"href":"https:\/\/kajza.si\/index.php\/wp-json\/wp\/v2\/posts\/2426\/revisions"}],"predecessor-version":[{"id":2442,"href":"https:\/\/kajza.si\/index.php\/wp-json\/wp\/v2\/posts\/2426\/revisions\/2442"}],"wp:featuredmedia":[{"embeddable":true,"href":"https:\/\/kajza.si\/index.php\/wp-json\/wp\/v2\/media\/2428"}],"wp:attachment":[{"href":"https:\/\/kajza.si\/index.php\/wp-json\/wp\/v2\/media?parent=2426"}],"wp:term":[{"taxonomy":"category","embeddable":true,"href":"https:\/\/kajza.si\/index.php\/wp-json\/wp\/v2\/categories?post=2426"},{"taxonomy":"post_tag","embeddable":true,"href":"https:\/\/kajza.si\/index.php\/wp-json\/wp\/v2\/tags?post=2426"}],"curies":[{"name":"wp","href":"https:\/\/api.w.org\/{rel}","templated":true}]}}